{"id":68416,"date":"2019-11-24T09:23:14","date_gmt":"2019-11-24T14:23:14","guid":{"rendered":"https:\/\/linitiative.ca\/International\/habitat-rattraper-les-retards-et-veiller-a-la-qualite-dans-la-realisation-des-projets\/"},"modified":"2019-11-24T09:23:14","modified_gmt":"2019-11-24T14:23:14","slug":"habitat-rattraper-les-retards-et-veiller-a-la-qualite-dans-la-realisation-des-projets","status":"publish","type":"post","link":"https:\/\/linitiative.ca\/International\/habitat-rattraper-les-retards-et-veiller-a-la-qualite-dans-la-realisation-des-projets\/","title":{"rendered":"Habitat: rattraper les retards et veiller \u00e0 la qualit\u00e9 dans la r\u00e9alisation des projets"},"content":{"rendered":"<div readability=\"40\">\n<p><strong>ADRAR- Le ministre de l\u2019Habitat, de l\u2019Urbanisme et de la Ville, Kamel Beldjoud, a mis l\u2019accent, dimanche dans la wilaya d\u00e9l\u00e9gu\u00e9e de Timimoune (Adrar), sur la n\u00e9cessit\u00e9 de rattraper le retard dans l\u2019ex\u00e9cution des projets d\u2019habitat et de veiller au respect des normes de qualit\u00e9 dans leur r\u00e9alisation.<\/strong><\/p>\n<\/div>\n<div readability=\"78.7161066049\">\n<p>\u00ab\u00a0Il appartient de rattraper le retard accus\u00e9 dans la r\u00e9alisation des projets d\u2019habitat, de respecter la qualit\u00e9 de leur ex\u00e9cution et d\u2019imposer la rigueur aux entreprises de r\u00e9alisation ayant manqu\u00e9 \u00e0 leurs obligations, avant de les blacklister\u00a0\u00bb, a affirm\u00e9 le ministre lors de l\u2019inspection du chantier de 50 logements publics aid\u00e9s (LPA type F3) dans la commune de Timimoun.<\/p>\n<blockquote readability=\"13\">\n<p><em><strong>M.Beldjoud a \u00e9cout\u00e9 les dol\u00e9ances des jeunes de la r\u00e9gion, li\u00e9es notamment \u00e0 l\u2019augmentation du quota de logements accord\u00e9 \u00e0 Timimoun et les ksour avoisinants, notamment la formule de l\u2019habitat rural, accompagn\u00e9e d\u2019aides financi\u00e8res, tr\u00e8s sollicit\u00e9es par les jeunes de la r\u00e9gion, notamment les ch\u00f4meurs.<\/strong><\/em><\/p>\n<\/blockquote>\n<p>M.Beldjoud s\u2019est engag\u00e9 \u00e0 accompagner la population, en coordination avec les autorit\u00e9s locales, pour r\u00e9pondre \u00e0 leurs pr\u00e9occupations, avant de souligner la n\u00e9cessit\u00e9 d\u2019accorder davantage d\u2019int\u00e9r\u00eat aux am\u00e9nagementsurbains au niveau des lotissements affect\u00e9s \u00e0 cette wilaya d\u00e9l\u00e9gu\u00e9e.<\/p>\n<hr\/>\n<p><strong>Lire aussi: <a href=\"http:\/\/www.aps.dz\/regions\/70749-adrar-accelerer-la-realisation-des-projets-en-retard-ou-non-lances\">Adrar: acc\u00e9l\u00e9rer la r\u00e9alisation des projets en retard ou non-lanc\u00e9s\u00a0<\/a><\/strong><\/p>\n<hr\/>\n<p>Le ministre a, dans la m\u00eame commune, inspect\u00e9 le chantier de r\u00e9alisation de 200 logements promotionnels aid\u00e9s (programme 2018), actuellement \u00e0 un taux d\u2019avancement de 40%.<\/p>\n<blockquote readability=\"12\">\n<p><em><strong>Il a, sur site, pris connaissance des contraintes rencontr\u00e9es par l\u2019Office de promotion et de gestion immobili\u00e8res (OPGI) d\u2019Adrar, charg\u00e9 de la r\u00e9alisation des programmes LPA, notamment celles aff\u00e9rentes au retard accus\u00e9 dans la r\u00e9ception des enqu\u00eates fonci\u00e8res \u00e9manant des conservations fonci\u00e8res d\u2019autres wilayas du pays.<\/strong><\/em><\/p>\n<\/blockquote>\n<p>Sur cette question entrainant un retard dans le d\u00e9blocage des tranches financi\u00e8res au profit des entreprises charg\u00e9es de la r\u00e9alisation, le ministre a rassur\u00e9 en signalant que son d\u00e9partement \u0153uvre \u00e0 accompagnerl\u2019OPGI pour le d\u00e9nouement de ce probl\u00e8me et d\u2019h\u00e2ter l\u2019ex\u00e9cution de l\u2019op\u00e9ration.<\/p>\n<blockquote readability=\"12\">\n<p><em><strong>Dans la commune de ksar Kaddour (Nord de Timimoun), le ministre a inaugur\u00e9, au niveau de ksar Andjelou, un groupe scolaire et un coll\u00e8ge (base-4), susceptibles de r\u00e9duire la surcharge que connaissent les autres\u00e9tablissements scolaires et contribuer \u00e0 l\u2019am\u00e9lioration des conditions de scolarisation.<\/strong><\/em><\/p>\n<\/blockquote>\n<p>Le ministre poursuivra sa visite au chef lieu de wilaya d\u2019Adrar par l\u2019inspection de projets d\u2019am\u00e9nagement de la zone industrielle, la r\u00e9alisation de logements relevant de l\u2019Agence nationale d\u2019am\u00e9lioration et de d\u00e9veloppement du logement (AADL), avant de pr\u00e9sider une c\u00e9r\u00e9monie de remise de logements AADL \u00e0 leurs b\u00e9n\u00e9ficiaires.<\/p>\n<\/div>\n<p>Auteur:<br \/>\n<a href=\"http:\/\/www.aps.dz\/regions\/97951-adrar-habitat-rattraper-les-retards-et-veiller-a-la-qualite-dans-la-realisation-des-projets\">Cliquez ici pour lire l&rsquo;article depuis sa source.<\/a><\/p>\n","protected":false},"excerpt":{"rendered":"<p>ADRAR- Le ministre de l\u2019Habitat, de l\u2019Urbanisme et de la Ville, Kamel Beldjoud, a mis l\u2019accent, dimanche dans la wilaya d\u00e9l\u00e9gu\u00e9e de Timimoune (Adrar), sur la n\u00e9cessit\u00e9 de rattraper le retard dans l\u2019ex\u00e9cution des projets d\u2019habitat et de veiller au respect des normes de qualit\u00e9 dans leur r\u00e9alisation. \u00ab\u00a0Il appartient de rattraper le retard accus\u00e9 [&hellip;]<\/p>\n","protected":false},"author":1790,"featured_media":0,"comment_status":"closed","ping_status":"closed","sticky":false,"template":"","format":"standard","meta":{"fifu_image_url":"","fifu_image_alt":"","footnotes":""},"categories":[53,76],"tags":[],"class_list":["post-68416","post","type-post","status-publish","format-standard","hentry","category-algerie","category-regions"],"_links":{"self":[{"href":"https:\/\/linitiative.ca\/International\/wp-json\/wp\/v2\/posts\/68416","targetHints":{"allow":["GET"]}}],"collection":[{"href":"https:\/\/linitiative.ca\/International\/wp-json\/wp\/v2\/posts"}],"about":[{"href":"https:\/\/linitiative.ca\/International\/wp-json\/wp\/v2\/types\/post"}],"author":[{"embeddable":true,"href":"https:\/\/linitiative.ca\/International\/wp-json\/wp\/v2\/users\/1790"}],"replies":[{"embeddable":true,"href":"https:\/\/linitiative.ca\/International\/wp-json\/wp\/v2\/comments?post=68416"}],"version-history":[{"count":0,"href":"https:\/\/linitiative.ca\/International\/wp-json\/wp\/v2\/posts\/68416\/revisions"}],"wp:attachment":[{"href":"https:\/\/linitiative.ca\/International\/wp-json\/wp\/v2\/media?parent=68416"}],"wp:term":[{"taxonomy":"category","embeddable":true,"href":"https:\/\/linitiative.ca\/International\/wp-json\/wp\/v2\/categories?post=68416"},{"taxonomy":"post_tag","embeddable":true,"href":"https:\/\/linitiative.ca\/International\/wp-json\/wp\/v2\/tags?post=68416"}],"curies":[{"name":"wp","href":"https:\/\/api.w.org\/{rel}","templated":true}]}}