{"id":68419,"date":"2019-11-23T17:30:12","date_gmt":"2019-11-23T22:30:12","guid":{"rendered":"https:\/\/linitiative.ca\/International\/visa-for-music-loriental-en-vedette\/"},"modified":"2019-11-23T17:30:12","modified_gmt":"2019-11-23T22:30:12","slug":"visa-for-music-loriental-en-vedette","status":"publish","type":"post","link":"https:\/\/linitiative.ca\/International\/visa-for-music-loriental-en-vedette\/","title":{"rendered":"Visa for Music : L\u2019Oriental en vedette"},"content":{"rendered":"<p class=\"c4\">Un groupe de jeunes engag\u00e9s dans l\u2019action associative ont partag\u00e9, samedi \u00e0 Rabat, leurs exp\u00e9riences pour le d\u00e9veloppement de la sc\u00e8ne artistique et culturelle de la r\u00e9gion de l\u2019Oriental.<\/p>\n<p class=\"c4\">Intervenant lors d\u2019une conf\u00e9rence-d\u00e9bat organis\u00e9e\u00a0en marge de la 6\u00e8me \u00e9dition du festival \u00ab\u00a0Visa\u00a0for Music\u00a0\u00bb\u00a0sous le th\u00e8me\u00a0\u00ab\u00a0l\u2019Oriental marocain, jeunesse et engagement\u00a0\u00bb,\u00a0des jeunes repr\u00e9sentant plusieurs associations de l\u2019Oriental, en l\u2019occurrence\u00a0l\u2019 \u00ab Association passagers \u00bb, le \u00ab\u00a0Collectif Tzouri\u00a0\u00bb ou encore \u00ab\u00a0This is Oujda\u00a0\u00bb, ont donn\u00e9 un aper\u00e7u des efforts engag\u00e9s en vue de d\u00e9velopper le volet culturel, depuis les premiers balbutiements jusqu\u2019\u00e0 la\u00a0phase de maturit\u00e9.<\/p>\n<p class=\"c4\">Les intervenants, qui ont r\u00e9sum\u00e9\u00a0en trois mots oujdis\u00a0les\u00a0diff\u00e9rentes \u00e9tapes du d\u00e9veloppement de l\u2019action culturelle locale, \u00e0 savoir \u00ab\u00a0LMejj\u00a0\u00bb (Ennui), \u00ab\u00a0Refs\u00a0\u00bb (tout le monde fait la m\u00eame chose) et \u00ab\u00a0El Gabed\u00a0\u00bb (Synergie et actions communes),\u00a0ont soulign\u00e9 l\u2019importance des associations locales en termes de promotion de l\u2019expression artistique\u00a0de la jeunesse locale.<\/p>\n<p class=\"c4\">Les associations de l\u2019Oriental ont\u00a0connu un foisonnement depuis 2014, ont-ils fait savoir, \u00e9voquant les diff\u00e9rents challenges relev\u00e9s par les associations locales, notamment\u00a0le manque de visibilit\u00e9, de structuration, d\u2019infrastructures et d\u2019investissement.<\/p>\n<p class=\"c4\">\u00ab\u00a0Il fallait chercher des solutions et trouver des accords et des partenariats pour structurer nos actions et gagner plus de cr\u00e9dibilit\u00e9 vis-\u00e0 vis\u00a0de l\u2019Etat\u00a0\u00bb, ont poursuivi les diff\u00e9rents intervenants.<\/p>\n<p class=\"c4\">Chose promise\u00a0chose due, les associations ont adopt\u00e9 la devise \u00ab\u00a0l\u2019union fait la force\u00a0\u00bb et ont \u0153uvr\u00e9\u00a0tous ensemble pour d\u00e9velopper\u00a0la sc\u00e8ne artistique\u00a0et culturel et mettre \u00e0 la disposition des jeunes des espaces d\u2019\u00e9change et de partage leur permettant de s\u2019affirmer au niveau r\u00e9gional, national et international.<\/p>\n<p class=\"c4\">\u00ab\u00a0Actuellement la r\u00e9gion de l\u2019Oriental dispose d\u2019un ensemble de festivals et de rendez-vous culturels qui en font l\u2019une des destinations les plus connues\u00a0\u00bb, se sont-ils r\u00e9jouis.<\/p>\n<p class=\"c4\">Organis\u00e9 du\u00a020 au 23 novembre \u00e0 Rabat, \u00ab\u00a0Visa for Music\u00a0\u00bb est le\u00a0premier salon professionnel et festival des musiques d\u2019Afrique et du Moyen-Orient. Chaque ann\u00e9e, cet \u00e9v\u00e9nement r\u00e9unit\u00a0plus de 2.000 artistes, professionnels et journalistes venus du monde entier.<\/p>\n<p>Auteur: Soufiane ELAHMAR<br \/>\n<a href=\"http:\/\/www.mapoujda.ma\/fr\/visa-for-music-loriental-en-vedette\/\">Cliquez ici pour lire l&rsquo;article depuis sa source.<\/a><\/p>\n","protected":false},"excerpt":{"rendered":"<p>Un groupe de jeunes engag\u00e9s dans l\u2019action associative ont partag\u00e9, samedi \u00e0 Rabat, leurs exp\u00e9riences pour le d\u00e9veloppement de la sc\u00e8ne artistique et culturelle de la r\u00e9gion de l\u2019Oriental. Intervenant lors d\u2019une conf\u00e9rence-d\u00e9bat organis\u00e9e\u00a0en marge de la 6\u00e8me \u00e9dition du festival \u00ab\u00a0Visa\u00a0for Music\u00a0\u00bb\u00a0sous le th\u00e8me\u00a0\u00ab\u00a0l\u2019Oriental marocain, jeunesse et engagement\u00a0\u00bb,\u00a0des jeunes repr\u00e9sentant plusieurs associations de l\u2019Oriental, [&hellip;]<\/p>\n","protected":false},"author":1788,"featured_media":0,"comment_status":"closed","ping_status":"closed","sticky":false,"template":"","format":"standard","meta":{"fifu_image_url":"","fifu_image_alt":"","footnotes":""},"categories":[54,76],"tags":[],"class_list":["post-68419","post","type-post","status-publish","format-standard","hentry","category-maroc","category-regions"],"_links":{"self":[{"href":"https:\/\/linitiative.ca\/International\/wp-json\/wp\/v2\/posts\/68419","targetHints":{"allow":["GET"]}}],"collection":[{"href":"https:\/\/linitiative.ca\/International\/wp-json\/wp\/v2\/posts"}],"about":[{"href":"https:\/\/linitiative.ca\/International\/wp-json\/wp\/v2\/types\/post"}],"author":[{"embeddable":true,"href":"https:\/\/linitiative.ca\/International\/wp-json\/wp\/v2\/users\/1788"}],"replies":[{"embeddable":true,"href":"https:\/\/linitiative.ca\/International\/wp-json\/wp\/v2\/comments?post=68419"}],"version-history":[{"count":0,"href":"https:\/\/linitiative.ca\/International\/wp-json\/wp\/v2\/posts\/68419\/revisions"}],"wp:attachment":[{"href":"https:\/\/linitiative.ca\/International\/wp-json\/wp\/v2\/media?parent=68419"}],"wp:term":[{"taxonomy":"category","embeddable":true,"href":"https:\/\/linitiative.ca\/International\/wp-json\/wp\/v2\/categories?post=68419"},{"taxonomy":"post_tag","embeddable":true,"href":"https:\/\/linitiative.ca\/International\/wp-json\/wp\/v2\/tags?post=68419"}],"curies":[{"name":"wp","href":"https:\/\/api.w.org\/{rel}","templated":true}]}}