{"id":68422,"date":"2019-11-24T13:17:12","date_gmt":"2019-11-24T18:17:12","guid":{"rendered":"https:\/\/linitiative.ca\/International\/visa-for-music-les-jeunes-de-loriental-sexpriment\/"},"modified":"2019-11-24T13:17:12","modified_gmt":"2019-11-24T18:17:12","slug":"visa-for-music-les-jeunes-de-loriental-sexpriment","status":"publish","type":"post","link":"https:\/\/linitiative.ca\/International\/visa-for-music-les-jeunes-de-loriental-sexpriment\/","title":{"rendered":"Visa for Music : Les jeunes de l\u2019Oriental s\u2019expriment"},"content":{"rendered":"<p><iframe loading=\"lazy\" width=\"1170\" height=\"658\" src=\"https:\/\/www.youtube.com\/embed\/po-DQ19XRmM?feature=oembed\" frameborder=\"0\" allow=\"accelerometer; autoplay; encrypted-media; gyroscope; picture-in-picture\" allowfullscreen=\"\">[embedded content]<\/iframe><\/p>\n<div class=\"single-post-excerpt post-excerpt-bc\" readability=\"38\">\n<p>Un groupe de jeunes engag\u00e9s dans l\u2019action associative ont partag\u00e9, leurs exp\u00e9riences pour le d\u00e9veloppement de la sc\u00e8ne artistique et culturelle de la r\u00e9gion de l\u2019Oriental, lors d\u2019une conf\u00e9rence-d\u00e9bat organis\u00e9e en marge de la 6\u00e8me \u00e9dition du festival \u00ab Visa for Music \u00bb sous le th\u00e8me \u00ab l\u2019Oriental marocain, jeunesse et engagement \u00bb<\/p>\n<\/div>\n<p>Auteur: Soufiane ELAHMAR<br \/>\n<a href=\"http:\/\/www.mapoujda.ma\/fr\/visa-for-music-les-jeunes-de-loriental-sexpriment\/\">Cliquez ici pour lire l&rsquo;article depuis sa source.<\/a><\/p>\n","protected":false},"excerpt":{"rendered":"<p>[embedded content] Un groupe de jeunes engag\u00e9s dans l\u2019action associative ont partag\u00e9, leurs exp\u00e9riences pour le d\u00e9veloppement de la sc\u00e8ne artistique et culturelle de la r\u00e9gion de l\u2019Oriental, lors d\u2019une conf\u00e9rence-d\u00e9bat organis\u00e9e en marge de la 6\u00e8me \u00e9dition du festival \u00ab Visa for Music \u00bb sous le th\u00e8me \u00ab l\u2019Oriental marocain, jeunesse et engagement \u00bb [&hellip;]<\/p>\n","protected":false},"author":1788,"featured_media":0,"comment_status":"closed","ping_status":"closed","sticky":false,"template":"","format":"standard","meta":{"fifu_image_url":"","fifu_image_alt":"","footnotes":""},"categories":[54,76],"tags":[],"class_list":["post-68422","post","type-post","status-publish","format-standard","hentry","category-maroc","category-regions"],"_links":{"self":[{"href":"https:\/\/linitiative.ca\/International\/wp-json\/wp\/v2\/posts\/68422","targetHints":{"allow":["GET"]}}],"collection":[{"href":"https:\/\/linitiative.ca\/International\/wp-json\/wp\/v2\/posts"}],"about":[{"href":"https:\/\/linitiative.ca\/International\/wp-json\/wp\/v2\/types\/post"}],"author":[{"embeddable":true,"href":"https:\/\/linitiative.ca\/International\/wp-json\/wp\/v2\/users\/1788"}],"replies":[{"embeddable":true,"href":"https:\/\/linitiative.ca\/International\/wp-json\/wp\/v2\/comments?post=68422"}],"version-history":[{"count":0,"href":"https:\/\/linitiative.ca\/International\/wp-json\/wp\/v2\/posts\/68422\/revisions"}],"wp:attachment":[{"href":"https:\/\/linitiative.ca\/International\/wp-json\/wp\/v2\/media?parent=68422"}],"wp:term":[{"taxonomy":"category","embeddable":true,"href":"https:\/\/linitiative.ca\/International\/wp-json\/wp\/v2\/categories?post=68422"},{"taxonomy":"post_tag","embeddable":true,"href":"https:\/\/linitiative.ca\/International\/wp-json\/wp\/v2\/tags?post=68422"}],"curies":[{"name":"wp","href":"https:\/\/api.w.org\/{rel}","templated":true}]}}