{"id":68425,"date":"2019-11-24T14:20:45","date_gmt":"2019-11-24T19:20:45","guid":{"rendered":"https:\/\/linitiative.ca\/International\/aeroport-de-nador-pres-de-659-000-passagers-a-fin-octobre\/"},"modified":"2019-11-24T14:20:45","modified_gmt":"2019-11-24T19:20:45","slug":"aeroport-de-nador-pres-de-659-000-passagers-a-fin-octobre","status":"publish","type":"post","link":"https:\/\/linitiative.ca\/International\/aeroport-de-nador-pres-de-659-000-passagers-a-fin-octobre\/","title":{"rendered":"A\u00e9roport de Nador: Pr\u00e8s de 659.000 passagers \u00e0 fin octobre"},"content":{"rendered":"<p class=\"c4\">Le nombre de passagers enregistr\u00e9s au niveau l\u2019a\u00e9roport de Nador-Al Aroui durant les dix premiers mois de cette ann\u00e9e a connu une progression de 8,74% par rapport \u00e0 la m\u00eame p\u00e9riode de l\u2019ann\u00e9e 2018.<\/p>\n<p class=\"c4\">Le rapport mensuel de l\u2019Office national des a\u00e9roports (ONDA) montre que les passagers ayant transit\u00e9 via cet a\u00e9roport \u00e0 fin octobre 2019 sont au nombre de 658.728, contre 605.787 durant la m\u00eame p\u00e9riode une ann\u00e9e auparavant.<\/p>\n<p class=\"c4\">Cette performance repr\u00e9sente 3,13% du volume du trafic a\u00e9rien au niveau des diff\u00e9rents a\u00e9roports du Royaume, pla\u00e7ant ainsi l\u2019a\u00e9roport Nador Al-Aroui \u00e0 la 7\u00e8me place \u00e0 l\u2019\u00e9chelon national et au premier rang sur le plan r\u00e9gional devant l\u2019a\u00e9roport Oujda-Angad et celui de Bouarfa.<\/p>\n<p class=\"c4\">Pour le seul mois d\u2019octobre dernier, le nombre de passagers enregistr\u00e9s au niveau de l\u2019a\u00e9roport de Nador a atteint 67.464 voyageurs contre 62 894 passagers durant le m\u00eame mois de l\u2019ann\u00e9e \u00e9coul\u00e9e, soit une variation de 7,27 %, avec une part \u00e9valu\u00e9e \u00e0 3,13%.<\/p>\n<p class=\"c4\">La ville de Nador est desservie \u00e0 partir de plusieurs a\u00e9roports notamment Bruxelles et Charleroi (Belgique), Amsterdam (Pays-Bas), Paris, Marseille et Montpellier (France), Madrid, Barcelone, Majorque et G\u00e9rone (Espagne), Francfort, Cologne et Dusseldorf (Allemagne).<\/p>\n<p class=\"c4\">En 2018, quelque 710.559 passagers ont utilis\u00e9 cette plateforme a\u00e9roportuaire, contre 702.689 en 2017.<\/p>\n<p>Auteur: Soufiane ELAHMAR<br \/>\n<a href=\"http:\/\/www.mapoujda.ma\/fr\/aeroport-de-nador-pres-de-659-000-passagers-a-fin-octobre\/\">Cliquez ici pour lire l&rsquo;article depuis sa source.<\/a><\/p>\n","protected":false},"excerpt":{"rendered":"<p>Le nombre de passagers enregistr\u00e9s au niveau l\u2019a\u00e9roport de Nador-Al Aroui durant les dix premiers mois de cette ann\u00e9e a connu une progression de 8,74% par rapport \u00e0 la m\u00eame p\u00e9riode de l\u2019ann\u00e9e 2018. Le rapport mensuel de l\u2019Office national des a\u00e9roports (ONDA) montre que les passagers ayant transit\u00e9 via cet a\u00e9roport \u00e0 fin octobre [&hellip;]<\/p>\n","protected":false},"author":1788,"featured_media":0,"comment_status":"closed","ping_status":"closed","sticky":false,"template":"","format":"standard","meta":{"fifu_image_url":"","fifu_image_alt":"","footnotes":""},"categories":[54,76],"tags":[],"class_list":["post-68425","post","type-post","status-publish","format-standard","hentry","category-maroc","category-regions"],"_links":{"self":[{"href":"https:\/\/linitiative.ca\/International\/wp-json\/wp\/v2\/posts\/68425","targetHints":{"allow":["GET"]}}],"collection":[{"href":"https:\/\/linitiative.ca\/International\/wp-json\/wp\/v2\/posts"}],"about":[{"href":"https:\/\/linitiative.ca\/International\/wp-json\/wp\/v2\/types\/post"}],"author":[{"embeddable":true,"href":"https:\/\/linitiative.ca\/International\/wp-json\/wp\/v2\/users\/1788"}],"replies":[{"embeddable":true,"href":"https:\/\/linitiative.ca\/International\/wp-json\/wp\/v2\/comments?post=68425"}],"version-history":[{"count":0,"href":"https:\/\/linitiative.ca\/International\/wp-json\/wp\/v2\/posts\/68425\/revisions"}],"wp:attachment":[{"href":"https:\/\/linitiative.ca\/International\/wp-json\/wp\/v2\/media?parent=68425"}],"wp:term":[{"taxonomy":"category","embeddable":true,"href":"https:\/\/linitiative.ca\/International\/wp-json\/wp\/v2\/categories?post=68425"},{"taxonomy":"post_tag","embeddable":true,"href":"https:\/\/linitiative.ca\/International\/wp-json\/wp\/v2\/tags?post=68425"}],"curies":[{"name":"wp","href":"https:\/\/api.w.org\/{rel}","templated":true}]}}