{"id":68435,"date":"2019-11-24T15:18:57","date_gmt":"2019-11-24T20:18:57","guid":{"rendered":"https:\/\/linitiative.ca\/International\/le-candidat-independant-abdelmadjid-tebboune-invite-du-forum-del-hiwar-je-mengage-a-conferer-plus-de-prerogatives-au-parlement\/"},"modified":"2019-11-24T15:18:57","modified_gmt":"2019-11-24T20:18:57","slug":"le-candidat-independant-abdelmadjid-tebboune-invite-du-forum-del-hiwar-je-mengage-a-conferer-plus-de-prerogatives-au-parlement","status":"publish","type":"post","link":"https:\/\/linitiative.ca\/International\/le-candidat-independant-abdelmadjid-tebboune-invite-du-forum-del-hiwar-je-mengage-a-conferer-plus-de-prerogatives-au-parlement\/","title":{"rendered":"Le candidat ind\u00e9pendant Abdelmadjid Tebboune invit\u00e9 du forum d\u2019El-Hiwar : \u00ab Je m\u2019engage \u00e0 conf\u00e9rer plus de pr\u00e9rogatives au Parlement \u00bb"},"content":{"rendered":"<p><strong>\u00abJe suis r\u00e9solument contre l\u2019exclusion. L\u2019heure est venue de f\u00e9d\u00e9rer nos \u00e9nergies pour un seul objectif : sauver l\u2019Alg\u00e9rie\u00bb, ainsi s\u2019est exprim\u00e9 le candidat ind\u00e9pendant \u00e0 la pr\u00e9sidentielle, Abdelmadjid Tebboune, qui \u00e9tait, hier, l\u2019invit\u00e9 du\u00a0Forum d\u2019 El-Hiwar, o\u00f9 il s\u2019est longuement \u00e9tal\u00e9 sur son programme \u00e9lectoral.<\/strong><\/p>\n<p>\u00abJe suis un homme de dialogue et je respecte toutes les positions\u00bb, a-t-il affirm\u00e9. Il a ainsi mis en relief la n\u00e9cessit\u00e9 de fournir davantage d\u2019efforts pour convaincre cette frange de citoyens non encore convaincue que la pr\u00e9sidentielle est la solution idoine, tant pour r\u00e9soudre la crise que vit le pays que pour consacrer la souverainet\u00e9 du peuple et entamer le processus de changement. La r\u00e9vision profonde de la Constitution \u00e9tant l\u2019un des engagements phares de son programme \u00e9lectoral,\u00a0l\u00e0 aussi, il s\u2019engage, s\u2019il est \u00e9lu, \u00e0 ouvrir un vaste dialogue national devant aboutir \u00e0 une nouvelle mouture de la loi fondamentale. Un r\u00e9gime politique semi-pr\u00e9sidentiel est, de l\u2019avis du candidat ind\u00e9pendant, le plus adapt\u00e9 \u00e0 la r\u00e9alit\u00e9 alg\u00e9rienne. Toutefois, il promet de conf\u00e9rer de larges pr\u00e9rogatives au Parlement dans le cadre de ses missions de contr\u00f4le. \u00abLe document que je compte proposer pr\u00e9servera les constantes de l\u2019identit\u00e9 nationale, y compris l\u2019amazighit\u00e9, question d\u00e9j\u00e0 tranch\u00e9e dans l\u2019actuelle Constitution\u00bb, a-t-il soutenu. Invit\u00e9 \u00e0 \u00e9mettre un avis sur le mouvement citoyen, commun\u00e9ment appel\u00e9 le Hirak, celui-ci, m\u00eame s\u2019il incarne l\u2019expression d\u2019un cumul de d\u00e9ceptions, il n\u2019en demeure pas moins qu\u2019il s\u2019agit d\u2019une dynamique porteuse de beaucoup d\u2019espoirs\u00bb. Le candidat s\u2019est engag\u00e9, rappelle-t-on, \u00e0 satisfaire toutes les revendications pacifiquement exprim\u00e9es par des milliers de citoyens qui ont battu le pav\u00e9 depuis le 22 f\u00e9vrier. Hier encore, il a r\u00e9it\u00e9r\u00e9 son engagement \u00e0 poursuivre la lutte contre la corruption, pr\u00e9cisant que s\u2019il est \u00e9lu, il dispose d\u2019ores et d\u00e9j\u00e0 d\u2019une strat\u00e9gie devant permettre la r\u00e9cup\u00e9ration des deniers publics d\u00e9tourn\u00e9s par la bande. \u00abL\u2019argent d\u00e9tourn\u00e9, comme chacun le sait, se trouve dans les paradis fiscaux ou sous forme d\u2019investissements \u00e0 l\u2019\u00e9tranger. Sa r\u00e9cup\u00e9ration rel\u00e8ve du domaine du possible et j\u2019ai d\u00e9j\u00e0 mis en place toute une batterie de mesures pour consacrer cet objectif\u00bb, a-t-il dit. Il ajoutera :\u00a0\u00abSi l\u2019on parvient \u00e0 r\u00e9cup\u00e9rer 5 milliards de dollars de l\u2019argent dilapid\u00e9, le probl\u00e8me des retrait\u00e9s sera d\u00e9finitivement r\u00e9solu et pour longtemps\u00bb. Consolider davantage le principe d\u2019une justice ind\u00e9pendante figure, par ailleurs, en bonne place dans le programme \u00e9lectoral de M. Tebboune. Il s\u2019engage \u00e0 ce propos \u00e0 optimiser la prise en charge de l\u2019ensemble des probl\u00e8mes dont se plaint la corporation des magistrats.<\/p>\n<p><strong>\u00a0Le FLN est libre de sa position concernant la pr\u00e9sidentielle<\/strong><\/p>\n<p>Abdelmadjid Tebboune fera savoir en outre qu\u2019aucun des cinq candidats en lice pour la pr\u00e9sidentielle ne jouit du soutien du haut commandement de l\u2019institution militaire, saluant au passage le r\u00f4le assum\u00e9 par l\u2019Arm\u00e9e nationale populaire dans la pr\u00e9servation de la stabilit\u00e9 du pays et la protection de la nation. Rappelant qu\u2019il est \u00abmembre du comit\u00e9 central du parti du Front de lib\u00e9ration nationale, il dira que ce \u00abparti est libre dans ses positions\u00bb vis-\u00e0-vis de la pr\u00e9sidentielle.<br \/>\u00a0Il a tenu \u00e0 souligner que de nombreux partis politiques et associations de la soci\u00e9t\u00e9 civile \u00able soutiennent\u00bb, y compris \u00abdes partis politiques de la mouvance islamiste\u00bb, relevant que son programme \u00e9lectoral, qui comprend 54 engagements, en r\u00e9f\u00e9rence \u00e0 l\u2019ann\u00e9e du d\u00e9clenchement de la guerre de Lib\u00e9ration, concerne toutes les cat\u00e9gories du peuple et non un parti ou une ob\u00e9dience particuli\u00e8re\u00bb. Au sujet de l\u2019homme d\u2019affaires et ex-d\u00e9put\u00e9 du RND, Omar Allilat, sa mise en d\u00e9tention dans le cadre du traitement par la justice du dossier des fr\u00e8res Kouninef \u00abn\u2019a rien \u00e0 voir avec la pr\u00e9sidentielle\u00bb, a-t-il fait savoir.\u00a0<br \/>Au volet \u00e9conomique, le pr\u00e9tendant \u00e0 la magistrature supr\u00eame du pays s\u2019engage \u00e0 maintenir l\u2019importation, mais \u00abpas au d\u00e9triment de la production nationale\u00bb, \u00e0 encourager la finance islamique et \u00e0 revoir le secteur de la culture pour que \u00abla voix de l\u2019Alg\u00e9rie retentisse partout dans le monde\u00bb.<br \/>Au plan international, M. Tebboune s\u2019engage \u00e0 poursuivre\u00a0le soutien aux causes justes dans le monde.<br \/>Concernant l\u2019avenir des relations alg\u00e9ro-marocaines, il a affirm\u00e9 qu\u2019elles seront revues dans le cas o\u00f9 le Maroc pr\u00e9sente ses excuses \u00e0 l\u2019Alg\u00e9rie, qu\u2019il avait accus\u00e9e d\u2019\u00eatre le commanditaire de l\u2019attentat perp\u00e9tr\u00e9 en 1994 de l\u2019h\u00f4tel Asni \u00e0 Marrakech.<br \/>\u00a0Karim Aoudia<br \/>\u00a0<\/p>\n<p>Auteur: elmoudjahid<br \/>\n<a href=\"http:\/\/www.elmoudjahid.com\/fr\/actualites\/144932\">Cliquez ici pour lire l&rsquo;article depuis sa source.<\/a><\/p>\n","protected":false},"excerpt":{"rendered":"<p>\u00abJe suis r\u00e9solument contre l\u2019exclusion. L\u2019heure est venue de f\u00e9d\u00e9rer nos \u00e9nergies pour un seul objectif : sauver l\u2019Alg\u00e9rie\u00bb, ainsi s\u2019est exprim\u00e9 le candidat ind\u00e9pendant \u00e0 la pr\u00e9sidentielle, Abdelmadjid Tebboune, qui \u00e9tait, hier, l\u2019invit\u00e9 du\u00a0Forum d\u2019 El-Hiwar, o\u00f9 il s\u2019est longuement \u00e9tal\u00e9 sur son programme \u00e9lectoral. \u00abJe suis un homme de dialogue et je respecte [&hellip;]<\/p>\n","protected":false},"author":1744,"featured_media":0,"comment_status":"closed","ping_status":"closed","sticky":false,"template":"","format":"standard","meta":{"fifu_image_url":"","fifu_image_alt":"","footnotes":""},"categories":[73,53],"tags":[],"class_list":["post-68435","post","type-post","status-publish","format-standard","hentry","category-actualite","category-algerie"],"_links":{"self":[{"href":"https:\/\/linitiative.ca\/International\/wp-json\/wp\/v2\/posts\/68435","targetHints":{"allow":["GET"]}}],"collection":[{"href":"https:\/\/linitiative.ca\/International\/wp-json\/wp\/v2\/posts"}],"about":[{"href":"https:\/\/linitiative.ca\/International\/wp-json\/wp\/v2\/types\/post"}],"author":[{"embeddable":true,"href":"https:\/\/linitiative.ca\/International\/wp-json\/wp\/v2\/users\/1744"}],"replies":[{"embeddable":true,"href":"https:\/\/linitiative.ca\/International\/wp-json\/wp\/v2\/comments?post=68435"}],"version-history":[{"count":0,"href":"https:\/\/linitiative.ca\/International\/wp-json\/wp\/v2\/posts\/68435\/revisions"}],"wp:attachment":[{"href":"https:\/\/linitiative.ca\/International\/wp-json\/wp\/v2\/media?parent=68435"}],"wp:term":[{"taxonomy":"category","embeddable":true,"href":"https:\/\/linitiative.ca\/International\/wp-json\/wp\/v2\/categories?post=68435"},{"taxonomy":"post_tag","embeddable":true,"href":"https:\/\/linitiative.ca\/International\/wp-json\/wp\/v2\/tags?post=68435"}],"curies":[{"name":"wp","href":"https:\/\/api.w.org\/{rel}","templated":true}]}}