{"id":68436,"date":"2019-11-24T15:19:00","date_gmt":"2019-11-24T20:19:00","guid":{"rendered":"https:\/\/linitiative.ca\/International\/azzedine-mihoubi-a-biskra-consacrer-le-principe-de-non-ingerence\/"},"modified":"2019-11-24T15:19:00","modified_gmt":"2019-11-24T20:19:00","slug":"azzedine-mihoubi-a-biskra-consacrer-le-principe-de-non-ingerence","status":"publish","type":"post","link":"https:\/\/linitiative.ca\/International\/azzedine-mihoubi-a-biskra-consacrer-le-principe-de-non-ingerence\/","title":{"rendered":"Azzedine Mihoubi \u00e0 Biskra : \u00ab Consacrer le principe de non-ing\u00e9rence \u00bb"},"content":{"rendered":"<p>Le candidat \u00e0 la pr\u00e9sidentielle du 12 d\u00e9cembre prochain, Azzedine Mihoubi, a exprim\u00e9, hier depuis Biksra, son refus cat\u00e9gorique de toute ing\u00e9rence dans les affaires internes de l&rsquo;Alg\u00e9rie, et ce apr\u00e8s l&rsquo;annonce de la tenue d&rsquo;une session au Parlement europ\u00e9en consacr\u00e9 \u00e0 l&rsquo;examen de la situation en Alg\u00e9rie. Lors d&rsquo;un meeting anim\u00e9 \u00e0 la salle omnisports de Sidi Abdoun au 8e jour de la campagne \u00e9lectorale, M. Mihoubi a qualifi\u00e9 cette ing\u00e9rence du Parlement europ\u00e9en de \u00abflagrante\u00bb et de \u00abtentative d\u00e9sesp\u00e9r\u00e9e\u00bb, ajoutant que \u00abcertains d\u00e9put\u00e9s europ\u00e9ens n&rsquo;arrivent toujours pas \u00e0 r\u00e9aliser que l&rsquo;\u00e9poque de la tutelle est r\u00e9volue et que l&rsquo;Alg\u00e9rie est un pays ind\u00e9pendant\u00bb. Il a estim\u00e9, dans ce sens, que ces ing\u00e9rences vou\u00e9es \u00e0 l&rsquo;\u00e9chec face \u00e0 l&rsquo;unit\u00e9 du peuple, sont un signe de \u00abfaiblesse et de peur face \u00e0 la volont\u00e9 du peuple alg\u00e9rien\u00bb.<br \/>\u00abL&rsquo;Alg\u00e9rie, dont la diplomatie consacre le principe de non-ing\u00e9rence dans les affaires internes des autres pays, refuse toute ing\u00e9rence dans ses affaires et aspire \u00e0 ce que ses probl\u00e8mes internes soient r\u00e9solus par ses enfants\u00bb, a-t-il poursuivi. M. Mihoubi a insist\u00e9 sur l&rsquo;importance de la prochaine \u00e9lection pr\u00e9sidentielle, \u00e9tant \u00abla seule issue\u00bb pour l&rsquo;Alg\u00e9rie qui a grand besoin de \u00absolutions constitutionnelles\u00bb. Mettant en avant les marches populaires appelant \u00e0 la participation \u00e0 l&rsquo;\u00e9lection pr\u00e9sidentielle, le candidat a estim\u00e9 que les participants \u00e0 ces marches sont \u00abla force motrice de l&rsquo;Alg\u00e9rie pour un meilleur lendemain\u00bb.<br \/>Expliquant son programme \u00e9lectoral, le candidat s&rsquo;est dit pr\u00eat \u00e0 \u00e9difier \u00abune R\u00e9publique des institutions\u00bb bas\u00e9e sur \u00abdes institutions solides et unies en toutes circonstances\u00bb. \u00abNous voulons construire une R\u00e9publique qui repose sur quatre principes \u00e9l\u00e9mentaires : la confiance, l&rsquo;excellence, la comp\u00e9tence et l&rsquo;efficacit\u00e9\u00bb. Au volet \u00e9conomique, M. Mihoubi s&rsquo;engage \u00e0 encourager l&rsquo;agriculture \u00e0 Biskra, en rem\u00e9diant au probl\u00e8me du foncier agricole \u00e0 travers la garantie du droit d&rsquo;appropriation aux agriculteurs producteurs. Il s&rsquo;agit \u00e9galement d&rsquo;encourager l&rsquo;exportation par la cr\u00e9ation d&rsquo;une agence nationale sp\u00e9cialis\u00e9e charg\u00e9e de la distribution des produits agricoles sur les march\u00e9s \u00e9trangers.<br \/>Le candidat a \u00e9voqu\u00e9 l&rsquo;importance des activit\u00e9s manufacturi\u00e8res des produits agricoles, revalorisation de l&rsquo;aide au logement rural et la revivification des projets des barrages pour assurer les ressources en eau.<br \/>Le meeting \u00e9tait l&rsquo;occasion pour le pr\u00e9tendant \u00e0 la magistrature supr\u00eame du pays d&rsquo;aborder la dimension civilisationnelle de Biskra, \u00e9voquant l&rsquo;histoire de la r\u00e9gion qui a enfant\u00e9 plusieurs savants et \u00e9crivains ainsi que \u00abdes h\u00e9ros de la R\u00e9volution nationale \u00e0 l&rsquo;image de Ben M&rsquo;hidi, le Colonel Cha\u00e2bani, Mohamed Khider et Si El Haoues\u00bb.<\/p>\n<p>Auteur: elmoudjahid<br \/>\n<a href=\"http:\/\/www.elmoudjahid.com\/fr\/actualites\/144933\">Cliquez ici pour lire l&rsquo;article depuis sa source.<\/a><\/p>\n","protected":false},"excerpt":{"rendered":"<p>Le candidat \u00e0 la pr\u00e9sidentielle du 12 d\u00e9cembre prochain, Azzedine Mihoubi, a exprim\u00e9, hier depuis Biksra, son refus cat\u00e9gorique de toute ing\u00e9rence dans les affaires internes de l&rsquo;Alg\u00e9rie, et ce apr\u00e8s l&rsquo;annonce de la tenue d&rsquo;une session au Parlement europ\u00e9en consacr\u00e9 \u00e0 l&rsquo;examen de la situation en Alg\u00e9rie. Lors d&rsquo;un meeting anim\u00e9 \u00e0 la salle [&hellip;]<\/p>\n","protected":false},"author":1744,"featured_media":0,"comment_status":"closed","ping_status":"closed","sticky":false,"template":"","format":"standard","meta":{"fifu_image_url":"","fifu_image_alt":"","footnotes":""},"categories":[73,53],"tags":[],"class_list":["post-68436","post","type-post","status-publish","format-standard","hentry","category-actualite","category-algerie"],"_links":{"self":[{"href":"https:\/\/linitiative.ca\/International\/wp-json\/wp\/v2\/posts\/68436","targetHints":{"allow":["GET"]}}],"collection":[{"href":"https:\/\/linitiative.ca\/International\/wp-json\/wp\/v2\/posts"}],"about":[{"href":"https:\/\/linitiative.ca\/International\/wp-json\/wp\/v2\/types\/post"}],"author":[{"embeddable":true,"href":"https:\/\/linitiative.ca\/International\/wp-json\/wp\/v2\/users\/1744"}],"replies":[{"embeddable":true,"href":"https:\/\/linitiative.ca\/International\/wp-json\/wp\/v2\/comments?post=68436"}],"version-history":[{"count":0,"href":"https:\/\/linitiative.ca\/International\/wp-json\/wp\/v2\/posts\/68436\/revisions"}],"wp:attachment":[{"href":"https:\/\/linitiative.ca\/International\/wp-json\/wp\/v2\/media?parent=68436"}],"wp:term":[{"taxonomy":"category","embeddable":true,"href":"https:\/\/linitiative.ca\/International\/wp-json\/wp\/v2\/categories?post=68436"},{"taxonomy":"post_tag","embeddable":true,"href":"https:\/\/linitiative.ca\/International\/wp-json\/wp\/v2\/tags?post=68436"}],"curies":[{"name":"wp","href":"https:\/\/api.w.org\/{rel}","templated":true}]}}