{"id":68437,"date":"2019-11-24T15:19:02","date_gmt":"2019-11-24T20:19:02","guid":{"rendered":"https:\/\/linitiative.ca\/International\/abdelaziz-belaid-depuis-tiaret-nul-ne-peut-nous-donner-de-lecons\/"},"modified":"2019-11-24T15:19:02","modified_gmt":"2019-11-24T20:19:02","slug":"abdelaziz-belaid-depuis-tiaret-nul-ne-peut-nous-donner-de-lecons","status":"publish","type":"post","link":"https:\/\/linitiative.ca\/International\/abdelaziz-belaid-depuis-tiaret-nul-ne-peut-nous-donner-de-lecons\/","title":{"rendered":"Abdelaziz Bela\u00efd depuis Tiaret : \u00ab Nul ne peut nous donner de le\u00e7ons \u00bb"},"content":{"rendered":"<p><strong>De nos envoy\u00e9s sp\u00e9ciaux : Mendaci Mohamed et Cheurfi Youcef<\/strong><\/p>\n<p>\u00abAujourd&rsquo;hui l&rsquo;Alg\u00e9rie est la cible de plusieurs pays qui veulent \u00e9branler sa stabilit\u00e9. Le peuple est appel\u00e9 \u00e0 renforcer ses rangs et doit se mobiliser dans cette conjoncture sensible que traverse le pays\u00bb. C\u2019est en ces termes r\u00e9v\u00e9lateurs et significatifs que le candidat \u00e0 l\u2019\u00e9lection pr\u00e9sidentielle du 12 d\u00e9cembre prochain, Abdelaziz Bela\u00efd, a d\u00e9nonc\u00e9, depuis Tiaret o\u00f9 il a anim\u00e9 \u00e0 la maison de culture Ali-Maachi un meeting populaire, les propos d\u2019un eurod\u00e9put\u00e9 fran\u00e7ais qui a annonc\u00e9 que le Parlement europ\u00e9en va ouvrir un d\u00e9bat sur la situation politique en Alg\u00e9rie, suivi d\u2019une r\u00e9solution d\u2019urgence. Rapha\u00ebl Glucksmann a m\u00eame d\u00e9nonc\u00e9 le \u00absilence\u00bb du Parlement europ\u00e9en sur le \u2018\u2018Hirak\u2019\u2019 alg\u00e9rien et all\u00e9 jusqu\u2019\u00e0 accuser ce qu\u2019il consid\u00e8re comme de lobbies li\u00e9s aux int\u00e9r\u00eats nationaux de \u00abbloquer\u00bb un d\u00e9bat et une r\u00e9solution sur la situation en Alg\u00e9rie. Le pr\u00e9sident du front El Moustakbel a profit\u00e9 de cette opportunit\u00e9 pour appeler les Alg\u00e9riennes et les Alg\u00e9riens \u00e0 faire preuve de \u00absolidarit\u00e9\u00bb et \u00abd\u2019union\u00bb afin de \u00abcontrecarrer\u00bb les plans des \u00abennemis\u00bb de notre pays et soutenu que nul ne peut nous donner les le\u00e7ons, rappelant dans la foul\u00e9e les principes de l\u2019Etat alg\u00e9rien concernant la non-ing\u00e9rence dans les affaires int\u00e9rieures des autres pays. \u00abIl faut que vous sachiez que beaucoup nous envient. L\u2019Alg\u00e9rie ne laisse pas indiff\u00e9rent. Il existe des parties hostiles \u00e0 notre s\u00e9curit\u00e9 et notre stabilit\u00e9 qui nous attendent au tournant. Ne leur donnez pas cette chance\u00bb, s\u2019est-il adress\u00e9 \u00e0 l\u2019assistance qui l\u2019a visiblement chaleureusement accueilli dans l\u2019antique Tihert. \u00c9voquant le prochain scrutin, Bela\u00efd a invit\u00e9 les citoyens \u00e0 aller massivement aux urnes et estim\u00e9 que le 12 d\u00e9cembre prochain constitue le \u00abpoint de d\u00e9part\u00bb d&rsquo;une \u00abnouvelle\u00bb R\u00e9publique dans laquelle, a-t-il ajout\u00e9, \u00abtous\u00bb les citoyens seront \u00ab\u00e9gaux\u00bb devant la loi. Il a soutenu que le peuple est le \u00abseul\u00bb juge du \u00abfutur\u00bb de l&rsquo;Alg\u00e9rie. \u00abChacun est libre de son choix, celui qui veut voter tant mieux pour notre pays et celui qui veut le contraire, on doit respecter son opinion. \u00c7a ne veut en aucun cas dire que ce dernier est un ennemi de la nation, c&rsquo;est cela la d\u00e9mocratie\u00bb, a-t-il soulign\u00e9. Et d\u2019encha\u00eener : \u00abJe serais l&rsquo;homme du changement et de l&rsquo;\u00e9dification d&rsquo;un pays fort de ses hommes si vous votez pour moi. Je ne m\u00e9nagerais aucun effort pour prendre en charge tous les probl\u00e8mes sociaux, \u00e9conomiques que rencontrent les citoyens\u00bb. Il a promis \u00e9galement d\u2019ouvrir le dossier de la raffinerie de Tiaret, \u00e0 l&rsquo;arr\u00eat depuis longtemps, dont l&rsquo;ouverture va cr\u00e9er des centaines d&#8217;emplois pour les jeunes de la r\u00e9gion. Le plus jeune candidat aux pr\u00e9sidentielles du 12 d\u00e9cembre a mis en avant par ailleurs l&rsquo;un des points essentiels de son programme, \u00e0 savoir l&rsquo;agriculture. Sur ce point, il s\u2019est engag\u00e9 \u00e0 soutenir les \u00abv\u00e9ritables\u00bb agriculteurs qui \u00abveulent\u00bb travailler la terre et a insist\u00e9 sur la mise en place d&rsquo;une industrie de transformation agroalimentaire dans plusieurs r\u00e9gions du pays. Il pr\u00e9cisera \u00e9galement qu&rsquo;il est du devoir de l&rsquo;Etat \u00abd&rsquo;encourager\u00bb et de \u00absoutenir\u00bb les v\u00e9t\u00e9rinaires et les agronomes qui d\u00e9velopperont le secteur \u00e0 leur mani\u00e8re, sugg\u00e9rant l&rsquo;installation d&rsquo;une \u00abv\u00e9ritable\u00bb collaboration entre l&rsquo;universit\u00e9 et le secteur de l&rsquo;agriculture. \u00abL&rsquo;Alg\u00e9rie est un pays riche et l&rsquo;agriculture constitue l\u2019un des moyens les plus s\u00fbrs qui permettra d&rsquo;assurer la s\u00e9curit\u00e9 alimentaire \u00e0 notre peuple, notamment en ce qui concerne le bl\u00e9 que nous importons annuellement pour une enveloppe de 3 milliards de dollars alors que nos r\u00e9gions peuvent garantir une r\u00e9colte bien plus importante de ce produit\u00bb, a relev\u00e9 Bela\u00efd pour qui, le travail est la \u00abbase\u00bb de la r\u00e9ussite de n&rsquo;importe quelle soci\u00e9t\u00e9. \u00abPour cela, a-t-il poursuivi, on doit revenir \u00e0 notre terre qui va nous procurer l&rsquo;ind\u00e9pendance alimentaire et cr\u00e9er une v\u00e9ritable agriculture\u00bb.<br \/>A noter \u00e0 la fin que le candidat Bela\u00efd a profit\u00e9 de sa pr\u00e9sence dans la wilaya de Tiaret pour rencontrer dans la matin\u00e9e, soit avant la tenue de son meeting, des citoyens des communes de Sougueur, Ain Deheb et Na\u00e2ma. Le pr\u00e9sident du front El Moustakbel les a assur\u00e9s \u00e0 cette occasion de prendre en charge toutes leurs revendications sociales en cas de son \u00e9lection.<br \/>\u00a0\u00a0 \u00a0M. M.<br \/>\u00a0<\/p>\n<p>Auteur: elmoudjahid<br \/>\n<a href=\"http:\/\/www.elmoudjahid.com\/fr\/actualites\/144934\">Cliquez ici pour lire l&rsquo;article depuis sa source.<\/a><\/p>\n","protected":false},"excerpt":{"rendered":"<p>De nos envoy\u00e9s sp\u00e9ciaux : Mendaci Mohamed et Cheurfi Youcef \u00abAujourd&rsquo;hui l&rsquo;Alg\u00e9rie est la cible de plusieurs pays qui veulent \u00e9branler sa stabilit\u00e9. Le peuple est appel\u00e9 \u00e0 renforcer ses rangs et doit se mobiliser dans cette conjoncture sensible que traverse le pays\u00bb. C\u2019est en ces termes r\u00e9v\u00e9lateurs et significatifs que le candidat \u00e0 l\u2019\u00e9lection [&hellip;]<\/p>\n","protected":false},"author":1744,"featured_media":0,"comment_status":"closed","ping_status":"closed","sticky":false,"template":"","format":"standard","meta":{"fifu_image_url":"","fifu_image_alt":"","footnotes":""},"categories":[73,53],"tags":[],"class_list":["post-68437","post","type-post","status-publish","format-standard","hentry","category-actualite","category-algerie"],"_links":{"self":[{"href":"https:\/\/linitiative.ca\/International\/wp-json\/wp\/v2\/posts\/68437","targetHints":{"allow":["GET"]}}],"collection":[{"href":"https:\/\/linitiative.ca\/International\/wp-json\/wp\/v2\/posts"}],"about":[{"href":"https:\/\/linitiative.ca\/International\/wp-json\/wp\/v2\/types\/post"}],"author":[{"embeddable":true,"href":"https:\/\/linitiative.ca\/International\/wp-json\/wp\/v2\/users\/1744"}],"replies":[{"embeddable":true,"href":"https:\/\/linitiative.ca\/International\/wp-json\/wp\/v2\/comments?post=68437"}],"version-history":[{"count":0,"href":"https:\/\/linitiative.ca\/International\/wp-json\/wp\/v2\/posts\/68437\/revisions"}],"wp:attachment":[{"href":"https:\/\/linitiative.ca\/International\/wp-json\/wp\/v2\/media?parent=68437"}],"wp:term":[{"taxonomy":"category","embeddable":true,"href":"https:\/\/linitiative.ca\/International\/wp-json\/wp\/v2\/categories?post=68437"},{"taxonomy":"post_tag","embeddable":true,"href":"https:\/\/linitiative.ca\/International\/wp-json\/wp\/v2\/tags?post=68437"}],"curies":[{"name":"wp","href":"https:\/\/api.w.org\/{rel}","templated":true}]}}