{"id":68438,"date":"2019-11-24T15:19:04","date_gmt":"2019-11-24T20:19:04","guid":{"rendered":"https:\/\/linitiative.ca\/International\/abdelkader-bengrina-depuis-msila-le-rempart-contre-toute-ingerence-est-la-haute-conscience-des-algeriens\/"},"modified":"2019-11-24T15:19:04","modified_gmt":"2019-11-24T20:19:04","slug":"abdelkader-bengrina-depuis-msila-le-rempart-contre-toute-ingerence-est-la-haute-conscience-des-algeriens","status":"publish","type":"post","link":"https:\/\/linitiative.ca\/International\/abdelkader-bengrina-depuis-msila-le-rempart-contre-toute-ingerence-est-la-haute-conscience-des-algeriens\/","title":{"rendered":"Abdelkader Bengrina depuis M\u2019sila : \u00ab Le rempart contre toute ing\u00e9rence est la haute conscience des Alg\u00e9riens \u00bb"},"content":{"rendered":"<p>De notre envoy\u00e9 sp\u00e9cial : Tahar Ka\u00efdi<\/p>\n<p><strong>Le candidat \u00e0 la pr\u00e9sidentielle, Abdelkader Bengrina, a marqu\u00e9, \u00e0 l&rsquo;issue de sa tourn\u00e9e dans plusieurs wilayas du Sud-Ouest, une halte \u00e0 la ville de Sidi A\u00efssa (M\u2019sila), dans la soir\u00e9e de samedi, o\u00f9 il a rencontr\u00e9 une dizaine de ses sympathisants.<\/strong><\/p>\n<p>La rencontre avec les citoyens de cette ville qui souffre, selon eux, de l\u2019absence de plusieurs structures socio-\u00e9ducatives et \u00e9conomiques, a permis \u00e0 ces derniers d\u2019exposer leurs probl\u00e8mes et soucis quotidiens. Ce \u00e0 quoi, Bengrina r\u00e9pondra que \u00abceux qui ont d\u00e9tenu le pouvoir, ces derni\u00e8res d\u00e9cennies, ont n\u00e9glig\u00e9 bien des r\u00e9gions du pays. Ils ont ainsi cr\u00e9\u00e9 un d\u00e9s\u00e9quilibre total entre les r\u00e9gions en \u0153uvrant \u00e0 la concentration de tous les projets \u00e9conomiques dans certaines r\u00e9gions uniquement\u00bb.<br \/>Partant de l\u00e0, le candidat s&rsquo;est engag\u00e9 \u00e0 prendre toutes les mesures n\u00e9cessaires \u00abpour un r\u00e9el d\u00e9collage \u00e9conomique de l&rsquo;ensemble des r\u00e9gions du pays en favorisant l&rsquo;investissement local, en facilitant les d\u00e9marches et en luttant contre la corruption\u00bb. M. Bengrina a constat\u00e9 que le d\u00e9s\u00e9quilibre r\u00e9gional est \u00e9galement \u00abla cons\u00e9quence de la concentration des postes de responsabilit\u00e9, dans les hautes sph\u00e8res du pouvoir aux mains de la Issaba et au profit d&rsquo;une seule r\u00e9gion\u00bb. Sans pr\u00e9ciser de quelle r\u00e9gion il s&rsquo;agissait, M. Bengrina a accus\u00e9 les d\u00e9tenteurs du pouvoir \u00abd&rsquo;\u00eatre responsables de la marginalisation des comp\u00e9tences et des cadres originaires des Hauts Plateaux et du grand Sud\u00bb. Avant de promettre \u00abd&rsquo;adopter, s&rsquo;il sera \u00e9lu, une s\u00e9rie de dispositions r\u00e9glementaires visant la cr\u00e9ation des chances \u00e9gales pour les citoyens et facilitera leur participation active au d\u00e9veloppement local et r\u00e9gional\u00bb. S&rsquo;exprimant sur la n\u00e9cessit\u00e9 du dialogue entre Alg\u00e9riens, M. Bengrina a promis \u00abde laisser grandes ouvertes, les portes pour les citoyens pour exprimer leurs opinions, et faire part de leur revendications\u00bb et \u00abnous ne m\u00e9nagerons aucun effort pour apporter les vraies solutions afin d&rsquo;am\u00e9liorer la vie des citoyens alg\u00e9riens\u00bb. \u00abNous resterons fid\u00e8les aux principes fondateurs de la R\u00e9publique alg\u00e9rienne, et nous \u0153uvrons \u00e0 la pr\u00e9servation du caract\u00e8re social de l&rsquo;Etat face \u00e0 un capitalisme d\u00e9vastateur visant \u00e0 mettre \u00e0 genoux, les classes subalternes\u00bb. Il s\u2019est \u00e9lev\u00e9 \u00e0 ce propos contre le retard accus\u00e9 dans cette r\u00e9gion, \u00ab\u00e0 cause de la mauvaise gestion, et la dilapidation de ses richesses\u00bb. Enfin, M. Bengrina s&rsquo;est f\u00e9licit\u00e9 du haut sens de solidarit\u00e9 et de coh\u00e9sion des Alg\u00e9riens : \u00abC\u2019est souvent dans la d\u00e9tresse que se produisent les \u00e9lans les plus spectaculaires d\u2019unit\u00e9 et de solidarit\u00e9 nationales, la conscience des Alg\u00e9riens est un rempart solide contre tous ceux qui veulent le retour de pouvoir de la Issaba\u00bb.<\/p>\n<p><strong>Ma candidature vise\u00a0 \u00e0 \u00ab servir la patrie et le peuple \u00bb<\/strong><\/p>\n<p>M. Bengrina a \u00e9galement affirm\u00e9 que son programme \u00e9lectoral reposait sur une r\u00e9partition \u00e9quitable des richesses du pays, assurant \u00abnous ne permettrons pas qu&rsquo;une r\u00e9gion ou une wilaya monopolise la richesse et en prive le reste des wilayas&#8230; et nous ne permettrons \u00e0 aucune partie de monopoliser les missions de la pr\u00e9sidence des institutions officielles et en priver d&rsquo;autres r\u00e9gions\u00bb. M. Bengrina a affirm\u00e9, d&rsquo;autre part, que sa candidature visait \u00e0 \u00abservir la patrie et le peuple\u00bb. Et d&rsquo;ajouter \u00abMon but en m&rsquo;engageant dans cette course n&rsquo;est pas d&rsquo;\u00eatre \u00e9lu pr\u00e9sident de la R\u00e9publique et d&rsquo;\u00eatre le souverain des Alg\u00e9riens, mais plut\u00f4t leur serviteur\u00bb, car, \u00able peuple alg\u00e9rien est conscient de l&rsquo;importance de la pr\u00e9servation de la stabilit\u00e9 de l&rsquo;Alg\u00e9rie\u00bb.<br \/>Le postulant \u00e0 la magistrature supr\u00eame a une nouvelle fois mis en garde contre le danger de l&rsquo;intervention \u00e9trang\u00e8re dans les affaires internes du pays, dans une allusion \u00e0 l&rsquo;inscription de la situation politique en Alg\u00e9rie \u00e0 l&rsquo;agenda de l&rsquo;Union europ\u00e9enne, un sujet \u00e9voqu\u00e9 pr\u00e9c\u00e9demment par le candidat qui a annonc\u00e9, \u00e0 ce propos, la tenue de prochaines rencontres, dimanche prochain, avec les ambassadeurs de quatre pays europ\u00e9ens, lors desquelles il leur fera part de son refus de cette ing\u00e9rence. \u00abJe transmettrai le message du peuple alg\u00e9rien au Parlement europ\u00e9en, pour r\u00e9affirmer \u00e0 ce dernier que le peuple alg\u00e9rien n&rsquo;acceptera pas qu&rsquo;on porte atteinte \u00e0 l&rsquo;honneur du pays\u00bb, a-t-il fait savoir.\u00a0<br \/>Dans un pr\u00e9c\u00e9dent meeting dans la da\u00efra de Sidi Aissa dans la wilaya de M&rsquo;Sila, M. Bengrina a affirm\u00e9 qu&rsquo;il ouvrira, s&rsquo;il venait \u00e0 \u00eatre \u00e9lu pr\u00e9sident de la R\u00e9publique, ses portes \u00e0 tous les Alg\u00e9riens pour \u00e9couter leurs pr\u00e9occupations, avant de les appeler \u00e0 la pr\u00e9servation de la patrie. Le candidat s&rsquo;est engag\u00e9, en outre, \u00e0 pr\u00e9server le caract\u00e8re social de l&rsquo;Etat, \u00abloin du capitalisme sauvage qui d\u00e9vore les couches d\u00e9favoris\u00e9es\u00bb. Le candidat entamera d\u00e8s aujourd&rsquo;hui, une visite dans les wilayas de l&rsquo;est du pays. Il se rendra \u00e0 Constantine, S\u00e9tif et Bordj Bou Arr\u00e9ridj.<br \/>\u00a0\u00a0\u00a0 T. K.<br \/>\u00a0<\/p>\n<p>Auteur: elmoudjahid<br \/>\n<a href=\"http:\/\/www.elmoudjahid.com\/fr\/actualites\/144935\">Cliquez ici pour lire l&rsquo;article depuis sa source.<\/a><\/p>\n","protected":false},"excerpt":{"rendered":"<p>De notre envoy\u00e9 sp\u00e9cial : Tahar Ka\u00efdi Le candidat \u00e0 la pr\u00e9sidentielle, Abdelkader Bengrina, a marqu\u00e9, \u00e0 l&rsquo;issue de sa tourn\u00e9e dans plusieurs wilayas du Sud-Ouest, une halte \u00e0 la ville de Sidi A\u00efssa (M\u2019sila), dans la soir\u00e9e de samedi, o\u00f9 il a rencontr\u00e9 une dizaine de ses sympathisants. La rencontre avec les citoyens de [&hellip;]<\/p>\n","protected":false},"author":1744,"featured_media":0,"comment_status":"closed","ping_status":"closed","sticky":false,"template":"","format":"standard","meta":{"fifu_image_url":"","fifu_image_alt":"","footnotes":""},"categories":[73,53],"tags":[],"class_list":["post-68438","post","type-post","status-publish","format-standard","hentry","category-actualite","category-algerie"],"_links":{"self":[{"href":"https:\/\/linitiative.ca\/International\/wp-json\/wp\/v2\/posts\/68438","targetHints":{"allow":["GET"]}}],"collection":[{"href":"https:\/\/linitiative.ca\/International\/wp-json\/wp\/v2\/posts"}],"about":[{"href":"https:\/\/linitiative.ca\/International\/wp-json\/wp\/v2\/types\/post"}],"author":[{"embeddable":true,"href":"https:\/\/linitiative.ca\/International\/wp-json\/wp\/v2\/users\/1744"}],"replies":[{"embeddable":true,"href":"https:\/\/linitiative.ca\/International\/wp-json\/wp\/v2\/comments?post=68438"}],"version-history":[{"count":0,"href":"https:\/\/linitiative.ca\/International\/wp-json\/wp\/v2\/posts\/68438\/revisions"}],"wp:attachment":[{"href":"https:\/\/linitiative.ca\/International\/wp-json\/wp\/v2\/media?parent=68438"}],"wp:term":[{"taxonomy":"category","embeddable":true,"href":"https:\/\/linitiative.ca\/International\/wp-json\/wp\/v2\/categories?post=68438"},{"taxonomy":"post_tag","embeddable":true,"href":"https:\/\/linitiative.ca\/International\/wp-json\/wp\/v2\/tags?post=68438"}],"curies":[{"name":"wp","href":"https:\/\/api.w.org\/{rel}","templated":true}]}}