{"id":68443,"date":"2019-11-24T12:06:06","date_gmt":"2019-11-24T17:06:06","guid":{"rendered":"https:\/\/linitiative.ca\/International\/97961-ligue-1-affaire-usma-mca-la-direction-usmiste-appuie-son-dossier-par-les-propos-de-zetchi\/"},"modified":"2019-11-24T12:06:06","modified_gmt":"2019-11-24T17:06:06","slug":"97961-ligue-1-affaire-usma-mca-la-direction-usmiste-appuie-son-dossier-par-les-propos-de-zetchi","status":"publish","type":"post","link":"https:\/\/linitiative.ca\/International\/97961-ligue-1-affaire-usma-mca-la-direction-usmiste-appuie-son-dossier-par-les-propos-de-zetchi\/","title":{"rendered":"Ligue 1\/Affaire USMA-MCA: la direction usmiste appuie son dossier par les propos de Zetchi"},"content":{"rendered":"<div readability=\"37\">\n<p><strong>ALGER &#8211; La direction de l&rsquo;USM Alger a annonc\u00e9 dimanche avoir appuy\u00e9 le dossier qu&rsquo;elle a introduit au niveau du Tribunal alg\u00e9rien de r\u00e8glement des litiges sportifs par les derni\u00e8res d\u00e9clarations du pr\u00e9sident de la FAF, Khe\u00efreddine Zetchi, qui lui sont favorables dans l&rsquo;affaire du derby perdu par forfait contre le MC Alger.<\/strong><\/p>\n<\/div>\n<div readability=\"66\">\n<p>Invit\u00e9 sur une \u00e9mission sportive diffus\u00e9e vendredi sur la radio nationale, Zetchi avait expliqu\u00e9 en effet que \u00ab\u00a0pendant la pr\u00e9c\u00e9dente r\u00e9union du Bureau f\u00e9d\u00e9ral \u00e0 Ouargla, des membres de la Ligue de football professionnel avaient expos\u00e9 le probl\u00e8me des matchs en retard et de la possibilit\u00e9 d&rsquo;en faire jouer quelques uns pendant les dates Fifa afin d&rsquo;all\u00e9ger le calendrier\u00a0\u00bb, ajoutant qu&rsquo;apr\u00e8s une longue discussion \u00ab\u00a0la FAF avait fini par accepter\u00a0\u00bb<\/p>\n<p>Mais selon le premier responsable de la F\u00e9d\u00e9ration alg\u00e9rienne de football (FAF), cette acceptation a \u00e9t\u00e9 conditionn\u00e9e par deux points importants, \u00e0 savoir qu&rsquo;aucun match en retard ne se joue pas en m\u00eame temps que les matchs de l&rsquo;Equipe nationale, et que les clubs concern\u00e9s soient d&rsquo;accord pour jouer aux dates qui allaient leur \u00eatre fix\u00e9es.<\/p>\n<p>Une r\u00e9action \u00ab\u00a0favorable\u00a0\u00bb aux Rouge et Noir, sanctionn\u00e9s par un match perdu sur tapis vert et par une d\u00e9falcation de trois points pour avoir refus\u00e9 de jouer ce derby contre le voisin mouloud\u00e9en.<\/p>\n<blockquote readability=\"11\">\n<p><em><strong>L&rsquo;USMA avait argu\u00e9 son refus de disputer ce match par le fait que plusieurs de ses joueurs se trouvaient en \u00e9quipe nationale militaire, en plus de l&rsquo;international libyen El-Lafi, qui \u00e9tait \u00e9galement retenu avec la s\u00e9lection de son pays. Mais la Ligue s&rsquo;\u00e9tait \u00ab\u00a0ent\u00eat\u00e9e\u00a0\u00bb \u00e0 l&rsquo;obliger de jouer, n&rsquo;h\u00e9sitant pas \u00e0 sanctionner le club apr\u00e8s son forfait.<\/strong><\/em><\/p>\n<\/blockquote>\n<p>Ainsi, et s&rsquo;\u00e9tant sentie l\u00e9s\u00e9e par cette sanction, la direction de l&rsquo;USMA a d\u00e9cid\u00e9 de porter l&rsquo;affaire devant le Tribunal alg\u00e9rien de r\u00e8glement des litiges sportifs avec l&rsquo;espoir de recouvrir ses droits.<\/p>\n<p>Aujourd&rsquo;hui, avec les propos du pr\u00e9sident de la FAF, elle a d\u00e9cid\u00e9 d&rsquo;appuyer son dossier par cette nouvelle pi\u00e8ce, alors que le verdict du Tribunal devrait \u00eatre rendu cette semaine.<\/p>\n<\/div>\n<p>Auteur:<br \/>\n<a href=\"http:\/\/www.aps.dz\/sport\/97961-ligue-1-affaire-usma-mca-la-direction-usmiste-appuie-son-dossier-par-les-propos-de-zetchi?utm_source=feedburner&#038;utm_medium=feed&#038;utm_campaign=Feed%3A+aps-sport+%28APS+-+SPORT%29\">Cliquez ici pour lire l&rsquo;article depuis sa source.<\/a><\/p>\n","protected":false},"excerpt":{"rendered":"<p>ALGER &#8211; La direction de l&rsquo;USM Alger a annonc\u00e9 dimanche avoir appuy\u00e9 le dossier qu&rsquo;elle a introduit au niveau du Tribunal alg\u00e9rien de r\u00e8glement des litiges sportifs par les derni\u00e8res d\u00e9clarations du pr\u00e9sident de la FAF, Khe\u00efreddine Zetchi, qui lui sont favorables dans l&rsquo;affaire du derby perdu par forfait contre le MC Alger. Invit\u00e9 sur [&hellip;]<\/p>\n","protected":false},"author":1790,"featured_media":0,"comment_status":"closed","ping_status":"closed","sticky":false,"template":"","format":"standard","meta":{"fifu_image_url":"","fifu_image_alt":"","footnotes":""},"categories":[53,75],"tags":[],"class_list":["post-68443","post","type-post","status-publish","format-standard","hentry","category-algerie","category-sport"],"_links":{"self":[{"href":"https:\/\/linitiative.ca\/International\/wp-json\/wp\/v2\/posts\/68443","targetHints":{"allow":["GET"]}}],"collection":[{"href":"https:\/\/linitiative.ca\/International\/wp-json\/wp\/v2\/posts"}],"about":[{"href":"https:\/\/linitiative.ca\/International\/wp-json\/wp\/v2\/types\/post"}],"author":[{"embeddable":true,"href":"https:\/\/linitiative.ca\/International\/wp-json\/wp\/v2\/users\/1790"}],"replies":[{"embeddable":true,"href":"https:\/\/linitiative.ca\/International\/wp-json\/wp\/v2\/comments?post=68443"}],"version-history":[{"count":0,"href":"https:\/\/linitiative.ca\/International\/wp-json\/wp\/v2\/posts\/68443\/revisions"}],"wp:attachment":[{"href":"https:\/\/linitiative.ca\/International\/wp-json\/wp\/v2\/media?parent=68443"}],"wp:term":[{"taxonomy":"category","embeddable":true,"href":"https:\/\/linitiative.ca\/International\/wp-json\/wp\/v2\/categories?post=68443"},{"taxonomy":"post_tag","embeddable":true,"href":"https:\/\/linitiative.ca\/International\/wp-json\/wp\/v2\/tags?post=68443"}],"curies":[{"name":"wp","href":"https:\/\/api.w.org\/{rel}","templated":true}]}}