{"id":68444,"date":"2019-11-24T12:16:00","date_gmt":"2019-11-24T17:16:00","guid":{"rendered":"https:\/\/linitiative.ca\/International\/des-ventes-darmes-bloquees-pour-plusieurs-pays-dont-lalgerie\/"},"modified":"2019-11-24T12:16:00","modified_gmt":"2019-11-24T17:16:00","slug":"des-ventes-darmes-bloquees-pour-plusieurs-pays-dont-lalgerie","status":"publish","type":"post","link":"https:\/\/linitiative.ca\/International\/des-ventes-darmes-bloquees-pour-plusieurs-pays-dont-lalgerie\/","title":{"rendered":"Des ventes d\u2019armes bloqu\u00e9es pour plusieurs pays dont l\u2019Alg\u00e9rie"},"content":{"rendered":"<p><br id=\"sep_para_1\" class=\"sep_para access\"\/><\/p>\n<div id=\"para_1\" class=\"para_34173875 resize\">\n<div class=\"texte access firstletter\">\u00a0L\u2019Afrique du Sud a bloqu\u00e9 les ventes d\u2019armes \u00e0 des pays comme l\u2019Arabie saoudite et les Emirats Arabes Unis, mais aussi l\u2019Alg\u00e9rie et Oman \u00e0 cause d\u2019un conflit li\u00e9 aux inspections, affirme le site algerie-eco. Le litige porte sur une clause contenue dans les documents d\u2019exportation qui oblige les clients \u00e9trangers \u00e0 s\u2019engager \u00e0 ne pas transf\u00e9rer d\u2019armes \u00e0 des tiers et \u00e0 permettre aux responsables sud-africains d\u2019inspecter leurs installations afin de v\u00e9rifier leur conformit\u00e9, selon les quatre responsables cit\u00e9s par le site \u00ab moneyweb \u00bb, qui a repris une information de Reuters. Cette d\u00e9cision a mis en danger des milliards de dollars d\u2019entreprises et des milliers d\u2019emplois dans son secteur de la d\u00e9fense en difficult\u00e9, selon des responsables de l\u2019industrie. Les responsables des principaux groupes sud-africains de d\u00e9fense, Denel et Rheinmetall Denel Munition (RDM), ont d\u00e9clar\u00e9 que le diff\u00e9rend retardait leurs exportations, de m\u00eame qu\u2019une troisi\u00e8me grande soci\u00e9t\u00e9 de d\u00e9fense qui a demand\u00e9 \u00e0 ne pas \u00eatre nomm\u00e9e. Selon RDM, certaines de ses exportations vers le Moyen-Orient n\u2019ont pas \u00e9t\u00e9 approuv\u00e9es depuis mars. L\u2019Arabie saoudite et les \u00c9mirats arabes unis, qui repr\u00e9sentent au moins un tiers des exportations d\u2019armes d\u2019Afrique du Sud et sont engag\u00e9s dans une guerre au Y\u00e9men, ont rejet\u00e9 les inspections qu\u2019ils consid\u00e9raient comme une violation de leur souverainet\u00e9, ont indiqu\u00e9 ces sources. L\u2019Alg\u00e9rie et Oman ont \u00e9galement refus\u00e9 les inspections et ont vu leurs importations en provenance d\u2019Afrique du Sud bloqu\u00e9es, ont ajout\u00e9 les responsables de l\u2019industrie. Selon la m\u00eame source, les responsables gouvernementaux en Arabie saoudite, aux \u00c9mirats arabes unis, \u00e0 Oman et en Alg\u00e9rie n\u2019ont pas r\u00e9pondu aux courriels ni aux appels t\u00e9l\u00e9phoniques de Reuters demandant des commentaires, pas plus que leurs ambassades en Afrique du Sud. L\u2019Afrique du Sud, qui dispose d\u2019une industrie militaire cons\u00e9quente, propose une gamme compl\u00e8te parfaitement adapt\u00e9e \u00e0 la lutte anti-insurrectionnelle, car n\u00e9e pour r\u00e9pondre aux m\u00eames besoins. A partir de 1996, les premiers \u00e9quipements arrivent : mat\u00e9riel d\u2019\u00e9coute, pi\u00e8ces d\u00e9tach\u00e9es, des jumelles infrarouges, etc. Le premier noyau de ce qui deviendra le D\u00e9tachement sp\u00e9cial d\u2019intervention de la gendarmerie est form\u00e9 en Afrique du Sud. En parall\u00e8le, et avec l\u2019impulsion de l\u2019ambassadeur d\u2019Alg\u00e9rie \u00e0 Pretoria, Sadek Kitouni, un projet d\u2019accord de d\u00e9fense \u00e9tait en chantier. En 1997, l\u2019Alg\u00e9rie fait don de deux de ses h\u00e9licopt\u00e8res d\u2019attaque \u00e0 l\u2019Afrique du Sud, cela donne l\u2019occasion aux entreprises d\u2019armement de travailler sur une modernisation. Il en na\u00eetra un v\u00e9ritable cauchemar pour les terroristes, le Mi24 MKIII, avec une refonte compl\u00e8te du char d\u2019assaut volant russe : plus d\u2019armement, plus de pr\u00e9cision, plus de puissance de feu, une meilleure protection et des capacit\u00e9s \u00e0 op\u00e9rer de nuit.<\/div>\n<\/div>\n<p>Auteur: R\u00e9flexion<br \/>\n<a href=\"https:\/\/www.reflexiondz.net\/Des-ventes-d-armes-bloquees-pour-plusieurs-pays-dont-l-Algerie_a59002.html\">Cliquez ici pour lire l&rsquo;article depuis sa source.<\/a><\/p>\n","protected":false},"excerpt":{"rendered":"<p>\u00a0L\u2019Afrique du Sud a bloqu\u00e9 les ventes d\u2019armes \u00e0 des pays comme l\u2019Arabie saoudite et les Emirats Arabes Unis, mais aussi l\u2019Alg\u00e9rie et Oman \u00e0 cause d\u2019un conflit li\u00e9 aux inspections, affirme le site algerie-eco. Le litige porte sur une clause contenue dans les documents d\u2019exportation qui oblige les clients \u00e9trangers \u00e0 s\u2019engager \u00e0 ne [&hellip;]<\/p>\n","protected":false},"author":1740,"featured_media":0,"comment_status":"closed","ping_status":"closed","sticky":false,"template":"","format":"standard","meta":{"fifu_image_url":"","fifu_image_alt":"","footnotes":""},"categories":[53,76],"tags":[],"class_list":["post-68444","post","type-post","status-publish","format-standard","hentry","category-algerie","category-regions"],"_links":{"self":[{"href":"https:\/\/linitiative.ca\/International\/wp-json\/wp\/v2\/posts\/68444","targetHints":{"allow":["GET"]}}],"collection":[{"href":"https:\/\/linitiative.ca\/International\/wp-json\/wp\/v2\/posts"}],"about":[{"href":"https:\/\/linitiative.ca\/International\/wp-json\/wp\/v2\/types\/post"}],"author":[{"embeddable":true,"href":"https:\/\/linitiative.ca\/International\/wp-json\/wp\/v2\/users\/1740"}],"replies":[{"embeddable":true,"href":"https:\/\/linitiative.ca\/International\/wp-json\/wp\/v2\/comments?post=68444"}],"version-history":[{"count":0,"href":"https:\/\/linitiative.ca\/International\/wp-json\/wp\/v2\/posts\/68444\/revisions"}],"wp:attachment":[{"href":"https:\/\/linitiative.ca\/International\/wp-json\/wp\/v2\/media?parent=68444"}],"wp:term":[{"taxonomy":"category","embeddable":true,"href":"https:\/\/linitiative.ca\/International\/wp-json\/wp\/v2\/categories?post=68444"},{"taxonomy":"post_tag","embeddable":true,"href":"https:\/\/linitiative.ca\/International\/wp-json\/wp\/v2\/tags?post=68444"}],"curies":[{"name":"wp","href":"https:\/\/api.w.org\/{rel}","templated":true}]}}