{"id":68445,"date":"2019-11-24T12:16:00","date_gmt":"2019-11-24T17:16:00","guid":{"rendered":"https:\/\/linitiative.ca\/International\/tebboune-accuse-la-bande-davoir-incarcere-son-fils\/"},"modified":"2019-11-24T12:16:00","modified_gmt":"2019-11-24T17:16:00","slug":"tebboune-accuse-la-bande-davoir-incarcere-son-fils","status":"publish","type":"post","link":"https:\/\/linitiative.ca\/International\/tebboune-accuse-la-bande-davoir-incarcere-son-fils\/","title":{"rendered":"Tebboune accuse  la \u2018\u2019Bande\u2019\u2019 d\u2019avoir incarc\u00e9r\u00e9 son fils !"},"content":{"rendered":"<p><br id=\"sep_para_1\" class=\"sep_para access\"\/><\/p>\n<div id=\"para_1\" class=\"para_34173879 resize\">\n<div class=\"texte access firstletter\">Abdelmadjid Tebboune, candidat \u00e0 l\u2019\u00e9lection pr\u00e9sidentielle du 12 d\u00e9cembre prochain, ne s\u2019emp\u00eache pas de prendre la d\u00e9fense de son fils emprisonn\u00e9 dans l\u2019affaire Kamel \u00ab El-Bouchi \u00bb. Dans une interview accord\u00e9e au quotidien arabophone El-Khabar dans son \u00e9dition de ce dimanche, l\u2019ex-Premier ministre Abdelmadjid Tebboune accuse la \u00ab Bande \u00bb d\u2019avoir incarc\u00e9r\u00e9 son fils. Interrog\u00e9 sur la derni\u00e8re pol\u00e9mique suscit\u00e9e notamment par l\u2019arrestation de l\u2019homme d\u2019affaires, Omar Alilat, et le d\u00e9part de son directeur de campagne Abdellah Baali, le candidat estime qu\u2019il s\u2019agit d\u2019un complot orchestr\u00e9 par les inf\u00e9od\u00e9s de la \u00ab Bande \u00bb.\u00a0 Dans cette interview, Tebboune commente non seulement une d\u00e9cision de la justice mais il accuse dangereusement l\u2019appareil judiciaire d\u2019\u00eatre \u00e0 la solde des inf\u00e9od\u00e9s de la bande mafieuse.<\/div>\n<\/div>\n<p>Auteur: R\u00e9flexion<br \/>\n<a href=\"https:\/\/www.reflexiondz.net\/Tebboune-accuse-la-Bande-d-avoir-incarcere-son-fils-_a59004.html\">Cliquez ici pour lire l&rsquo;article depuis sa source.<\/a><\/p>\n","protected":false},"excerpt":{"rendered":"<p>Abdelmadjid Tebboune, candidat \u00e0 l\u2019\u00e9lection pr\u00e9sidentielle du 12 d\u00e9cembre prochain, ne s\u2019emp\u00eache pas de prendre la d\u00e9fense de son fils emprisonn\u00e9 dans l\u2019affaire Kamel \u00ab El-Bouchi \u00bb. Dans une interview accord\u00e9e au quotidien arabophone El-Khabar dans son \u00e9dition de ce dimanche, l\u2019ex-Premier ministre Abdelmadjid Tebboune accuse la \u00ab Bande \u00bb d\u2019avoir incarc\u00e9r\u00e9 son fils. Interrog\u00e9 [&hellip;]<\/p>\n","protected":false},"author":1740,"featured_media":0,"comment_status":"closed","ping_status":"closed","sticky":false,"template":"","format":"standard","meta":{"fifu_image_url":"","fifu_image_alt":"","footnotes":""},"categories":[53,76],"tags":[],"class_list":["post-68445","post","type-post","status-publish","format-standard","hentry","category-algerie","category-regions"],"_links":{"self":[{"href":"https:\/\/linitiative.ca\/International\/wp-json\/wp\/v2\/posts\/68445","targetHints":{"allow":["GET"]}}],"collection":[{"href":"https:\/\/linitiative.ca\/International\/wp-json\/wp\/v2\/posts"}],"about":[{"href":"https:\/\/linitiative.ca\/International\/wp-json\/wp\/v2\/types\/post"}],"author":[{"embeddable":true,"href":"https:\/\/linitiative.ca\/International\/wp-json\/wp\/v2\/users\/1740"}],"replies":[{"embeddable":true,"href":"https:\/\/linitiative.ca\/International\/wp-json\/wp\/v2\/comments?post=68445"}],"version-history":[{"count":0,"href":"https:\/\/linitiative.ca\/International\/wp-json\/wp\/v2\/posts\/68445\/revisions"}],"wp:attachment":[{"href":"https:\/\/linitiative.ca\/International\/wp-json\/wp\/v2\/media?parent=68445"}],"wp:term":[{"taxonomy":"category","embeddable":true,"href":"https:\/\/linitiative.ca\/International\/wp-json\/wp\/v2\/categories?post=68445"},{"taxonomy":"post_tag","embeddable":true,"href":"https:\/\/linitiative.ca\/International\/wp-json\/wp\/v2\/tags?post=68445"}],"curies":[{"name":"wp","href":"https:\/\/api.w.org\/{rel}","templated":true}]}}