{"id":68447,"date":"2019-11-24T12:16:00","date_gmt":"2019-11-24T17:16:00","guid":{"rendered":"https:\/\/linitiative.ca\/International\/presidentielle-benflis-promet-de-combattre-le-regionalisme\/"},"modified":"2019-11-24T12:16:00","modified_gmt":"2019-11-24T17:16:00","slug":"presidentielle-benflis-promet-de-combattre-le-regionalisme","status":"publish","type":"post","link":"https:\/\/linitiative.ca\/International\/presidentielle-benflis-promet-de-combattre-le-regionalisme\/","title":{"rendered":"PRESIDENTIELLE  : Benflis promet de combattre le r\u00e9gionalisme"},"content":{"rendered":"<p><br id=\"sep_para_1\" class=\"sep_para access\"\/><\/p>\n<div id=\"para_1\" class=\"para_34173863 resize\">\n<div class=\"texte access firstletter\">Au huiti\u00e8me jour de la campagne \u00e9lectorale, Ali Benflis, candidat \u00e0 la pr\u00e9sidentielle, est en d\u00e9placement \u00e0 M\u2019sila, une wilaya du centre du pays, o\u00f9 il a organis\u00e9 un meeting. L\u2019ancien candidat malheureux de l\u2019\u00e9lection de 2014 a promis, d\u2019embl\u00e9e, de combattre le r\u00e9gionalisme qui constitue, selon lui, \u00ab l\u2019arme des ennemis de l\u2019Alg\u00e9rie \u00bb. \u00ab Je suis de vous. Je connais toute l\u2019Alg\u00e9rie. Il ne faut pas faire de diff\u00e9rence entre les diff\u00e9rentes r\u00e9gions \u00bb, a-t-il appuy\u00e9. Clamant sa sinc\u00e9rit\u00e9 envers le peuple alg\u00e9rien, Ali Benflis qui\u00a0 ne cherche \u00ab ni richesse, ni pouvoir \u00bb. \u00ab Je ne me porte pas candidat pour tromper le peuple. J\u2019ai peur d\u2019Allah, et celui qui craint son Dieu ne vole pas son peuple \u00bb, a-t-il l\u00e2ch\u00e9. Depuis la capitale de la Hodna, Ali Benflis a parl\u00e9 de la future politique \u00e9trang\u00e8re s\u2019il venait d\u2019\u00eatre \u00e9lu. D\u2019apr\u00e8s lui, la priorit\u00e9 serait donn\u00e9e \u00e0 l\u2019\u00e9dification de l\u2019Union maghr\u00e9bine. Une revisite de l\u2019accord avec l\u2019Union europ\u00e9enne serait \u00e9galement envisag\u00e9e.<\/div>\n<\/div>\n<p>Auteur: Nadine<br \/>\n<a href=\"https:\/\/www.reflexiondz.net\/PRESIDENTIELLE-Benflis-promet-de-combattre-le-regionalisme_a58999.html\">Cliquez ici pour lire l&rsquo;article depuis sa source.<\/a><\/p>\n","protected":false},"excerpt":{"rendered":"<p>Au huiti\u00e8me jour de la campagne \u00e9lectorale, Ali Benflis, candidat \u00e0 la pr\u00e9sidentielle, est en d\u00e9placement \u00e0 M\u2019sila, une wilaya du centre du pays, o\u00f9 il a organis\u00e9 un meeting. L\u2019ancien candidat malheureux de l\u2019\u00e9lection de 2014 a promis, d\u2019embl\u00e9e, de combattre le r\u00e9gionalisme qui constitue, selon lui, \u00ab l\u2019arme des ennemis de l\u2019Alg\u00e9rie \u00bb. [&hellip;]<\/p>\n","protected":false},"author":1740,"featured_media":0,"comment_status":"closed","ping_status":"closed","sticky":false,"template":"","format":"standard","meta":{"fifu_image_url":"","fifu_image_alt":"","footnotes":""},"categories":[53,76],"tags":[],"class_list":["post-68447","post","type-post","status-publish","format-standard","hentry","category-algerie","category-regions"],"_links":{"self":[{"href":"https:\/\/linitiative.ca\/International\/wp-json\/wp\/v2\/posts\/68447","targetHints":{"allow":["GET"]}}],"collection":[{"href":"https:\/\/linitiative.ca\/International\/wp-json\/wp\/v2\/posts"}],"about":[{"href":"https:\/\/linitiative.ca\/International\/wp-json\/wp\/v2\/types\/post"}],"author":[{"embeddable":true,"href":"https:\/\/linitiative.ca\/International\/wp-json\/wp\/v2\/users\/1740"}],"replies":[{"embeddable":true,"href":"https:\/\/linitiative.ca\/International\/wp-json\/wp\/v2\/comments?post=68447"}],"version-history":[{"count":0,"href":"https:\/\/linitiative.ca\/International\/wp-json\/wp\/v2\/posts\/68447\/revisions"}],"wp:attachment":[{"href":"https:\/\/linitiative.ca\/International\/wp-json\/wp\/v2\/media?parent=68447"}],"wp:term":[{"taxonomy":"category","embeddable":true,"href":"https:\/\/linitiative.ca\/International\/wp-json\/wp\/v2\/categories?post=68447"},{"taxonomy":"post_tag","embeddable":true,"href":"https:\/\/linitiative.ca\/International\/wp-json\/wp\/v2\/tags?post=68447"}],"curies":[{"name":"wp","href":"https:\/\/api.w.org\/{rel}","templated":true}]}}