{"id":68448,"date":"2019-11-24T14:08:00","date_gmt":"2019-11-24T19:08:00","guid":{"rendered":"https:\/\/linitiative.ca\/International\/reponse-au-depute-francais-merci-on-ne-veut-pas-de-votre-liberte\/"},"modified":"2019-11-24T14:08:00","modified_gmt":"2019-11-24T19:08:00","slug":"reponse-au-depute-francais-merci-on-ne-veut-pas-de-votre-liberte","status":"publish","type":"post","link":"https:\/\/linitiative.ca\/International\/reponse-au-depute-francais-merci-on-ne-veut-pas-de-votre-liberte\/","title":{"rendered":"R\u00e9ponse au d\u00e9put\u00e9 fran\u00e7ais :  Merci on ne veut pas  de votre libert\u00e9 &#8230; !"},"content":{"rendered":"<p><br id=\"sep_para_1\" class=\"sep_para access\"\/><\/p>\n<div id=\"para_1\" class=\"para_34175104 resize\">\n<div class=\"photo shadow left\"><a href=\"javascript:void(0)\" rel=\"https:\/\/www.reflexiondz.net\/photo\/art\/grande\/39968949-34175104.jpg?v=1574623787&#038;ibox\" title=\"R\u00e9ponse au d\u00e9put\u00e9 fran\u00e7ais : Merci on ne veut pas de votre libert\u00e9 ... !\"><img decoding=\"async\" class=\"responsive c9\" src=\"https:\/\/www.reflexiondz.net\/photo\/art\/grande\/39968949-34175104.jpg?v=1574623787\" alt=\"R\u00e9ponse au d\u00e9put\u00e9 fran\u00e7ais : Merci on ne veut pas de votre libert\u00e9 ... !\" title=\"R\u00e9ponse au d\u00e9put\u00e9 fran\u00e7ais : Merci on ne veut pas de votre libert\u00e9 ... !\"\/><img decoding=\"async\" class=\"not-responsive\" src=\"https:\/\/www.reflexiondz.net\/photo\/art\/default\/39968949-34175104.jpg?v=1574623790\" alt=\"R\u00e9ponse au d\u00e9put\u00e9 fran\u00e7ais : Merci on ne veut pas de votre libert\u00e9 ... !\" title=\"R\u00e9ponse au d\u00e9put\u00e9 fran\u00e7ais : Merci on ne veut pas de votre libert\u00e9 ... !\"\/><\/a><\/div>\n<div class=\"texte access firstletter\">Ce n\u2019est pas la premi\u00e8re fois que l\u2019union Europ\u00e9enne, s\u2019en prend \u00e0 l\u2019Alg\u00e9rie o\u00f9 certains de ses d\u00e9put\u00e9s en costume bleu blanc rouge, suscitent \u00e0 chaque fois l\u2019indignation des Alg\u00e9riens. Cette fois, c\u2019est l&rsquo;eurod\u00e9put\u00e9 fran\u00e7ais Raphael Glucksmann qui annonce un d\u00e9bat sur l\u2019Alg\u00e9rie : \u00abun coup d\u2019\u00e9p\u00e9e dans l\u2019eau\u00bb ? Quelle surprise ! Il d\u00e9nonce le silence du Parlement europ\u00e9en sur la question de l\u2019Alg\u00e9rie, sans pour autant d\u00e9noncer la r\u00e9pression et les violences contre les gilets jaunes de son pays, ou encore les massacres des enfants \u00e0 Gaza par les sionistes avec la b\u00e9n\u00e9diction de son parlement.<br \/>Le porte-parole de la main \u00e9trang\u00e8re qui souffle le feu dans la maison de l\u2019Alg\u00e9rie, qualifie de r\u00e9pression des manifestants ayant brandi le drapeau berb\u00e8re ! Evidemment, ce d\u00e9put\u00e9, le petit fils de Jacques B\u00e9net, membre de l\u2019OAS, inventeur de l\u2019\u2019Acad\u00e9mie berb\u00e8re et du drapeau amazigh pour d\u00e9truire l\u2019union de l\u2019Alg\u00e9rie, ne pouvant dig\u00e9rer la fin de \u2018\u2019l\u2019Alg\u00e9rie fran\u00e7aise\u2019\u2019, saute \u00e0 la premi\u00e8re occasion pour nuire \u00e0 cette Alg\u00e9rie qui l\u2019a forc\u00e9 \u00e0 quitter son sol un certain 5 juillet 1962, valise \u00e0 la main, sinon, dans un cercueil, sans La Marseillaise.<br \/>D\u00e9go\u00fbt\u00e9 de voir 40 semaines de manifestations pacifiques sans incidents, chantant la m\u00eame chanson, tous unis pour l\u2019Alg\u00e9rie, le peuple et l\u2019Arm\u00e9e, fr\u00e8res unis. Il est vrai que les 40 millions d\u2019Alg\u00e9riens ne partagent pas les m\u00eames id\u00e9es et les m\u00eames opinions politiques, et c\u2019est d\u00e9mocratique, mais ils sont l\u00e0 tous unis sous le m\u00eame langage, quand il s\u2019agit d\u2019ing\u00e9rence ! Tout le peuple alg\u00e9rien crie aujourd\u2019hui au visage de ce d\u00e9put\u00e9 fran\u00e7ais : il vaut mieux voir la vermine qui vit dans votre d\u00e9mocratie d\u00e9guis\u00e9e qui matraque vos gilets jaunes, \u00e9tant vous-m\u00eame une vermine !<br \/>Cette union europ\u00e9enne qui rhabille le connard fran\u00e7ais pour cet hiver pour le chauffer contre l\u2019Alg\u00e9rie d\u2019un million et d\u2019un demi-million de chahid, devrait instrumentaliser plut\u00f4t la question des tortures commises en Alg\u00e9rie par la France durant la guerre de lib\u00e9ration, ou encore la r\u00e9pression sanglante des manifestions du 17 octobre 1961, o\u00f9 des centaines de manifestants alg\u00e9riens furent jet\u00e9s dans la Seine. \u00a0<br \/>L\u2019Alg\u00e9rie a pay\u00e9 de son sang le prix fort de son ind\u00e9pendance, et continue de payer cher pour sa survie, et quand l\u2019Alg\u00e9rie \u00e9tait seule face au terrorisme, o\u00f9 elle a pay\u00e9 la lourde facture de 200 mille morts, o\u00f9 \u00e9tait-elle la France durant ce temps-l\u00e0 ?<br \/>Aujourd\u2019hui, cette France ; l\u2019ennemie d\u2019hier qui a assassin\u00e9 des millions d\u2019Alg\u00e9riens pour la seule raison l\u00e9gitime : faire sortir cette France coloniale de l\u2019Alg\u00e9rie, elle veut revenir aujourd\u2019hui en soi-disant amie pour d\u00e9fendre les libert\u00e9s des Alg\u00e9riens. Mais de quelle libert\u00e9 parle-t-elle ? De cette phrase (libert\u00e9 \u00e9galit\u00e9 fraternit\u00e9) qui symbolise son drapeau, et qui par cette libert\u00e9, a colonis\u00e9 l\u2019Alg\u00e9rie durant 130 ans, pill\u00e9, vol\u00e9, massacr\u00e9 et tu\u00e9 des millions d\u2019Alg\u00e9riens ! Merci on ne veut pas de votre libert\u00e9 &#8230; !<br \/>\u00a0<\/div>\n<\/div>\n<p>Auteur: R\u00e9flexion<br \/>\n<a href=\"https:\/\/www.reflexiondz.net\/Reponse-au-depute-francais-Merci-on-ne-veut-pas-de-votre-liberte-_a59005.html\">Cliquez ici pour lire l&rsquo;article depuis sa source.<\/a><\/p>\n","protected":false},"excerpt":{"rendered":"<p>Ce n\u2019est pas la premi\u00e8re fois que l\u2019union Europ\u00e9enne, s\u2019en prend \u00e0 l\u2019Alg\u00e9rie o\u00f9 certains de ses d\u00e9put\u00e9s en costume bleu blanc rouge, suscitent \u00e0 chaque fois l\u2019indignation des Alg\u00e9riens. Cette fois, c\u2019est l&rsquo;eurod\u00e9put\u00e9 fran\u00e7ais Raphael Glucksmann qui annonce un d\u00e9bat sur l\u2019Alg\u00e9rie : \u00abun coup d\u2019\u00e9p\u00e9e dans l\u2019eau\u00bb ? Quelle surprise ! Il d\u00e9nonce [&hellip;]<\/p>\n","protected":false},"author":1740,"featured_media":0,"comment_status":"closed","ping_status":"closed","sticky":false,"template":"","format":"standard","meta":{"fifu_image_url":"","fifu_image_alt":"","footnotes":""},"categories":[53,76],"tags":[],"class_list":["post-68448","post","type-post","status-publish","format-standard","hentry","category-algerie","category-regions"],"_links":{"self":[{"href":"https:\/\/linitiative.ca\/International\/wp-json\/wp\/v2\/posts\/68448","targetHints":{"allow":["GET"]}}],"collection":[{"href":"https:\/\/linitiative.ca\/International\/wp-json\/wp\/v2\/posts"}],"about":[{"href":"https:\/\/linitiative.ca\/International\/wp-json\/wp\/v2\/types\/post"}],"author":[{"embeddable":true,"href":"https:\/\/linitiative.ca\/International\/wp-json\/wp\/v2\/users\/1740"}],"replies":[{"embeddable":true,"href":"https:\/\/linitiative.ca\/International\/wp-json\/wp\/v2\/comments?post=68448"}],"version-history":[{"count":0,"href":"https:\/\/linitiative.ca\/International\/wp-json\/wp\/v2\/posts\/68448\/revisions"}],"wp:attachment":[{"href":"https:\/\/linitiative.ca\/International\/wp-json\/wp\/v2\/media?parent=68448"}],"wp:term":[{"taxonomy":"category","embeddable":true,"href":"https:\/\/linitiative.ca\/International\/wp-json\/wp\/v2\/categories?post=68448"},{"taxonomy":"post_tag","embeddable":true,"href":"https:\/\/linitiative.ca\/International\/wp-json\/wp\/v2\/tags?post=68448"}],"curies":[{"name":"wp","href":"https:\/\/api.w.org\/{rel}","templated":true}]}}