{"id":68457,"date":"2019-11-24T10:05:00","date_gmt":"2019-11-24T15:05:00","guid":{"rendered":"https:\/\/linitiative.ca\/International\/mokhtar-el-khlifi-lettre-ouverte-a-nos-dirigeants\/"},"modified":"2019-11-24T10:05:00","modified_gmt":"2019-11-24T15:05:00","slug":"mokhtar-el-khlifi-lettre-ouverte-a-nos-dirigeants","status":"publish","type":"post","link":"https:\/\/linitiative.ca\/International\/mokhtar-el-khlifi-lettre-ouverte-a-nos-dirigeants\/","title":{"rendered":"Mokhtar el Khlifi: Lettre ouverte \u00e0 nos dirigeants"},"content":{"rendered":"<p>Nous avons tous\u00a0 vu que, Monsieur le Chef de Gouvernement pressenti, a pratiquement invit\u00e9 tout le monde et que Monsieur le Pr\u00e9sident de la R\u00e9publique n\u2019a cess\u00e9 de recevoir, \u00e0 bras ouverts, les convois de jeunes \u00e0 la recherche d\u2019un travail.<\/p>\n<p>Nous attendons avec impatience ce qui va en d\u00e9couler et si nos dirigeants sont vraiment conscients que le temps presse et que les marges de man\u0153uvres sont r\u00e9duites sinon notre pays n\u2019est pas \u00e0 l\u2019abri du terrible scenario grec mais avec cette diff\u00e9rence que la Gr\u00e8ce qui a enfin consenti \u00e0 un plan d\u2019ajustement drastique a pu se relever gr\u00e2ce au soutien conditionnel de l\u2019Europe.<\/p>\n<p>Je ne pense pas que nos dirigeants, et encore moins notre peuple dans son \u00e9crasante majorit\u00e9, soient conscients des d\u00e9fis \u00e9conomiques et sociaux \u00e0 relever et des sacrifices qui nous attendent, si rien de concret et de bien \u00e9tudi\u00e9 n\u2019est fait.<\/p>\n<p>Monsieur le Pr\u00e9sident de la R\u00e9publique qui b\u00e9n\u00e9ficie, pour l\u2019instant, d\u2019une aura, surtout aupr\u00e8s de la jeunesse, pourrait bien \u00eatre \u00e0 l\u2019origine d\u2019une r\u00e9union de travail avec le plus grand nombre de nos experts en mati\u00e8re d\u2019\u00e9conomie et de finances pour avoir une id\u00e9e pr\u00e9cise de la situation \u00e9conomique de notre pays.<\/p>\n<p>Les conclusions de cette r\u00e9union de travail devrait \u00eatre port\u00e9e fid\u00e8lement \u00e0 la connaissance de la population.<\/p>\n<p>Cette analyse sera suivie par un plan de sortie de la crise comportant des mesures\u00a0 \u00e0 court et \u00e0 moyen terme et une campagne de sensibilisation.<\/p>\n<p>Parmi les experts devraient participer ceux du Gouvernement (Finances, Economie, commerce, agriculture, services, INS, BCT) ainsi que ceux des organisations nationales sans oublier d\u2019inviter des repr\u00e9sentants des entreprises et des professions en contact direct avec la r\u00e9alit\u00e9 \u00e9conomique et les m\u00e9dias.<\/p>\n<p>Peu importe le nombre des participants pourvu que les d\u00e9bats soient bien organis\u00e9s et qu\u2019il y ait une v\u00e9ritable pr\u00e9paration de la part de chacun pour apporter sa plus-value.<br \/>Face \u00e0 une analyse exhaustive de l\u2019existant et d\u2019un plan de redressement ayant recueilli l\u2019assentiment de toutes les parties, ni l\u2019UGTT , ni le citoyen,\u00a0 ne pourront revendiquer des droits p\u00e9cuniaires, quoique l\u00e9gitimes, mais que l\u2019\u00e9tat de l\u2019\u00e9conomie ne permet pas de satisfaire dans l\u2019imm\u00e9diat.<\/p>\n<p>Au cours de ces derni\u00e8res ann\u00e9es il y a eu certes, des augmentations salariales, il est vrai justifi\u00e9 par le niveau tr\u00e8s bas des salaires, mais elles n\u2019ont pas \u00e9t\u00e9 suivies par une augmentation de la production et de la productivit\u00e9.<\/p>\n<p>Bien plus ces augmentations n\u2019ont \u00e9t\u00e9 en fait lamin\u00e9es par l\u2019inflation et ce cercle vicieux ne peut plus se poursuivre ainsi sans risque.<\/p>\n<p>C\u2019est cette approche consensuelle avec la participation de tous qui permettra de ramener la confiance dans le c\u0153ur du citoyen et des agents \u00e9conomiques car ils auront la quasi-certitude qu\u2019au bout de quelque temps, plus ou moins long en fonction de l\u2019effort demand\u00e9, il verra\u00a0 le bout du tunnel.<\/p>\n<p>Je pr\u00e9f\u00e8re une d\u00e9marche intramuros qu\u2019un plan d\u2019ajustement dict\u00e9 par des bailleurs de fonds qui ignorent la sp\u00e9cificit\u00e9 tunisienne et qui n\u2019auront d\u2019autres pr\u00e9occupations que de se faire rembourser des fonds qu\u2019on a \u00e9t\u00e9 incapables d\u2019employer \u00e0 bon escient parce que nous avons voulu vivre au-dessus de nos moyens.<br \/>Brabbi, \u00e9pargnons-nous les discussions politiques tournant autour des egos, des exclusions insens\u00e9es et des id\u00e9ologies surann\u00e9es \u00e9manant de partis politiques et accordons au temps son importance.<\/p>\n<p>Remettons-nous ensemble au travail, \u00e0 la discipline et au civisme.<\/p>\n<p>A cet \u00e9gard, les jeunes qui ne cessent de rendre visite au Pr\u00e9sident de la R\u00e9publique pour demander du travail, devraient, en attendant que l\u2019\u00e9conomie red\u00e9marre et cr\u00e9e de nouveaux emplois, \u00eatre sensibilis\u00e9s \u00e0 la n\u00e9cessit\u00e9 de faire r\u00e9ussir, par exemple, la\u00a0 campagne ol\u00e9icole \u00e0 court de main d\u2019\u0153uvre et \u00e0 surtout \u00e0 l\u2019acquisition d\u2019une exp\u00e9rience professionnelle qui leur permettrait de gagner dignement leur vie.<\/p>\n<p>L\u2019arm\u00e9e nationale pourrait, si elle avait plus de moyens, recruter davantage de jeunes et leur assurer une formation professionnelle.<\/p>\n<p>En attendant et pour gagner du temps, Il est imp\u00e9ratif que les entreprises nationales qui connaissent des difficult\u00e9s soient audit\u00e9es et que la CPG,\u00a0 source de gros revenus, n\u2019accuse plus des arr\u00eats intempestifs de travail.<\/p>\n<p>Peu importe l\u2019appartenance du CDG et le contenu de son CV. Faisons-lui confiance et\u00a0 dans un \u00e9lan de solidarit\u00e9 et de responsabilit\u00e9 pr\u00e9parons-lui le travail. Cet appel s\u2019adresse particuli\u00e8rement \u00e0 notre \u00e9lite en retrait et qui se doit de mettre la main \u00e0 la p\u00e2te car notre destin est li\u00e9.<\/p>\n<p>Ne voyez dans ce statut que ma crainte de voir mon pays sombrer dans davantage de difficult\u00e9s qui pourraient \u00eatre \u00e0 l\u2019origine de graves perturbations sociales.<\/p>\n<p class=\"c2\"><strong>Mokhtar el khlifi<\/strong><\/p>\n<p>Auteur:<br \/>\n<a href=\"https:\/\/www.leaders.com.tn\/article\/28497-mokhtar-el-khlifi-lettre-ouverte-a-nos-dirigeants\">Cliquez ici pour lire l&rsquo;article depuis sa source.<\/a><\/p>\n","protected":false},"excerpt":{"rendered":"<p>Nous avons tous\u00a0 vu que, Monsieur le Chef de Gouvernement pressenti, a pratiquement invit\u00e9 tout le monde et que Monsieur le Pr\u00e9sident de la R\u00e9publique n\u2019a cess\u00e9 de recevoir, \u00e0 bras ouverts, les convois de jeunes \u00e0 la recherche d\u2019un travail. Nous attendons avec impatience ce qui va en d\u00e9couler et si nos dirigeants sont [&hellip;]<\/p>\n","protected":false},"author":1772,"featured_media":0,"comment_status":"closed","ping_status":"closed","sticky":false,"template":"","format":"standard","meta":{"fifu_image_url":"","fifu_image_alt":"","footnotes":""},"categories":[73,55],"tags":[],"class_list":["post-68457","post","type-post","status-publish","format-standard","hentry","category-actualite","category-tunisie"],"_links":{"self":[{"href":"https:\/\/linitiative.ca\/International\/wp-json\/wp\/v2\/posts\/68457","targetHints":{"allow":["GET"]}}],"collection":[{"href":"https:\/\/linitiative.ca\/International\/wp-json\/wp\/v2\/posts"}],"about":[{"href":"https:\/\/linitiative.ca\/International\/wp-json\/wp\/v2\/types\/post"}],"author":[{"embeddable":true,"href":"https:\/\/linitiative.ca\/International\/wp-json\/wp\/v2\/users\/1772"}],"replies":[{"embeddable":true,"href":"https:\/\/linitiative.ca\/International\/wp-json\/wp\/v2\/comments?post=68457"}],"version-history":[{"count":0,"href":"https:\/\/linitiative.ca\/International\/wp-json\/wp\/v2\/posts\/68457\/revisions"}],"wp:attachment":[{"href":"https:\/\/linitiative.ca\/International\/wp-json\/wp\/v2\/media?parent=68457"}],"wp:term":[{"taxonomy":"category","embeddable":true,"href":"https:\/\/linitiative.ca\/International\/wp-json\/wp\/v2\/categories?post=68457"},{"taxonomy":"post_tag","embeddable":true,"href":"https:\/\/linitiative.ca\/International\/wp-json\/wp\/v2\/tags?post=68457"}],"curies":[{"name":"wp","href":"https:\/\/api.w.org\/{rel}","templated":true}]}}