{"id":68459,"date":"2019-11-24T05:00:00","date_gmt":"2019-11-24T10:00:00","guid":{"rendered":"https:\/\/linitiative.ca\/International\/gateau-a-la-patate-douce\/"},"modified":"2019-11-24T05:00:00","modified_gmt":"2019-11-24T10:00:00","slug":"gateau-a-la-patate-douce","status":"publish","type":"post","link":"https:\/\/linitiative.ca\/International\/gateau-a-la-patate-douce\/","title":{"rendered":"G\u00e2teau \u00e0 la patate douce"},"content":{"rendered":"<p><em><strong>1,2 kg de patates douces, 10 cl de cr\u00e8me liquide, 4 \u0153ufs, 150 g de sucre semoule,\u00a01\/2 cuiller\u00e9e \u00e0 caf\u00e9 de cannelle en poudre,\u00a01 cuiller\u00e9e \u00e0 caf\u00e9 de vanille en poudre,\u00a075 g de f\u00e9cule de pomme de terre,\u00a01 noix de beurre pour le moule\u00a0<\/strong><\/em><br \/>Allumez le four \u00e0 210\u00b0 (th. 7). Lavez les patates douces et enveloppez-les de papier d&rsquo;aluminium. Glissez-les au four et laissez-les cuire 1 heure environ, jusqu&rsquo;\u00e0 ce que les l\u00e9gumes soient souples. Baissez le thermostat du four \u00e0 180\u00b0 (th. 6). Beurrez un moule \u00e0 manqu\u00e9 de 24 cm de diam\u00e8tre. Pelez les patates douces, laissez-les refroidir puis mettez-les dans le bol d&rsquo;un robot. Ajoutez la cr\u00e8me, les \u0153ufs, le sucre, la cannelle et la vanille, et mixez 2 mn. Ajoutez la f\u00e9cule et mixez encore 1 mn. Versez la pr\u00e9paration dans le moule et glissez au four. Laissez cuire 30 mn, puis baissez \u00e0 150\u00b0 (th. 5) et laissez cuire encore 20 mn. Laissez ti\u00e9dir 15 mn. Retournez le g\u00e2teau sur un plat de service et servez ti\u00e8de.<\/p>\n<p>Auteur:<br \/>\n<a href=\"https:\/\/www.lesoirdalgerie.com\/femme-magazine\/gateau-a-la-patate-douce-34069\">Cliquez ici pour lire l&rsquo;article depuis sa source.<\/a><\/p>\n","protected":false},"excerpt":{"rendered":"<p>1,2 kg de patates douces, 10 cl de cr\u00e8me liquide, 4 \u0153ufs, 150 g de sucre semoule,\u00a01\/2 cuiller\u00e9e \u00e0 caf\u00e9 de cannelle en poudre,\u00a01 cuiller\u00e9e \u00e0 caf\u00e9 de vanille en poudre,\u00a075 g de f\u00e9cule de pomme de terre,\u00a01 noix de beurre pour le moule\u00a0Allumez le four \u00e0 210\u00b0 (th. 7). Lavez les patates douces et [&hellip;]<\/p>\n","protected":false},"author":1741,"featured_media":0,"comment_status":"closed","ping_status":"closed","sticky":false,"template":"","format":"standard","meta":{"fifu_image_url":"","fifu_image_alt":"","footnotes":""},"categories":[73,53],"tags":[],"class_list":["post-68459","post","type-post","status-publish","format-standard","hentry","category-actualite","category-algerie"],"_links":{"self":[{"href":"https:\/\/linitiative.ca\/International\/wp-json\/wp\/v2\/posts\/68459","targetHints":{"allow":["GET"]}}],"collection":[{"href":"https:\/\/linitiative.ca\/International\/wp-json\/wp\/v2\/posts"}],"about":[{"href":"https:\/\/linitiative.ca\/International\/wp-json\/wp\/v2\/types\/post"}],"author":[{"embeddable":true,"href":"https:\/\/linitiative.ca\/International\/wp-json\/wp\/v2\/users\/1741"}],"replies":[{"embeddable":true,"href":"https:\/\/linitiative.ca\/International\/wp-json\/wp\/v2\/comments?post=68459"}],"version-history":[{"count":0,"href":"https:\/\/linitiative.ca\/International\/wp-json\/wp\/v2\/posts\/68459\/revisions"}],"wp:attachment":[{"href":"https:\/\/linitiative.ca\/International\/wp-json\/wp\/v2\/media?parent=68459"}],"wp:term":[{"taxonomy":"category","embeddable":true,"href":"https:\/\/linitiative.ca\/International\/wp-json\/wp\/v2\/categories?post=68459"},{"taxonomy":"post_tag","embeddable":true,"href":"https:\/\/linitiative.ca\/International\/wp-json\/wp\/v2\/tags?post=68459"}],"curies":[{"name":"wp","href":"https:\/\/api.w.org\/{rel}","templated":true}]}}