{"id":68463,"date":"2019-11-24T06:11:12","date_gmt":"2019-11-24T11:11:12","guid":{"rendered":"https:\/\/linitiative.ca\/International\/smart-entreprise-morocco-oeuvre-pour-le-developpement-de-lecosysteme\/"},"modified":"2019-11-24T06:11:12","modified_gmt":"2019-11-24T11:11:12","slug":"smart-entreprise-morocco-oeuvre-pour-le-developpement-de-lecosysteme","status":"publish","type":"post","link":"https:\/\/linitiative.ca\/International\/smart-entreprise-morocco-oeuvre-pour-le-developpement-de-lecosysteme\/","title":{"rendered":"Smart entreprise Morocco oeuvre pour le d\u00e9veloppement de l\u2019\u00e9cosyst\u00e8me"},"content":{"rendered":"<p><strong>Le premier salon marocain de l\u2019entrepreneuriat et dirigeants d\u2019entreprises \u00abSmart Entreprise Morocco\u00bb, s\u2019est tenu les 19 et 20 novembre 2019 au Hyatt Regency Casablanca.<\/strong><\/p>\n<div class=\"c16\">\n<fieldset class=\"c15\">\n<legend><strong><span class=\"c10\">Challenge<\/span><span class=\"c11\">news<\/span><\/strong><\/legend>\n<div class=\"c14\">Le meilleur de Challenge s\u00e9lectionn\u00e9 par la r\u00e9daction :<\/p>\n<\/div>\n<\/fieldset>\n<\/div>\n<p>Auteur: challenge<br \/>\n<a href=\"https:\/\/www.challenge.ma\/smart-entreprise-morocco-oeuvre-pour-le-developpement-de-lecosysteme-123887\/\">Cliquez ici pour lire l&rsquo;article depuis sa source.<\/a><\/p>\n","protected":false},"excerpt":{"rendered":"<p>Le premier salon marocain de l\u2019entrepreneuriat et dirigeants d\u2019entreprises \u00abSmart Entreprise Morocco\u00bb, s\u2019est tenu les 19 et 20 novembre 2019 au Hyatt Regency Casablanca. Challengenews Le meilleur de Challenge s\u00e9lectionn\u00e9 par la r\u00e9daction : Auteur: challenge Cliquez ici pour lire l&rsquo;article depuis sa source.<\/p>\n","protected":false},"author":1787,"featured_media":0,"comment_status":"closed","ping_status":"closed","sticky":false,"template":"","format":"standard","meta":{"fifu_image_url":"","fifu_image_alt":"","footnotes":""},"categories":[78,54],"tags":[],"class_list":["post-68463","post","type-post","status-publish","format-standard","hentry","category-economie","category-maroc"],"_links":{"self":[{"href":"https:\/\/linitiative.ca\/International\/wp-json\/wp\/v2\/posts\/68463","targetHints":{"allow":["GET"]}}],"collection":[{"href":"https:\/\/linitiative.ca\/International\/wp-json\/wp\/v2\/posts"}],"about":[{"href":"https:\/\/linitiative.ca\/International\/wp-json\/wp\/v2\/types\/post"}],"author":[{"embeddable":true,"href":"https:\/\/linitiative.ca\/International\/wp-json\/wp\/v2\/users\/1787"}],"replies":[{"embeddable":true,"href":"https:\/\/linitiative.ca\/International\/wp-json\/wp\/v2\/comments?post=68463"}],"version-history":[{"count":0,"href":"https:\/\/linitiative.ca\/International\/wp-json\/wp\/v2\/posts\/68463\/revisions"}],"wp:attachment":[{"href":"https:\/\/linitiative.ca\/International\/wp-json\/wp\/v2\/media?parent=68463"}],"wp:term":[{"taxonomy":"category","embeddable":true,"href":"https:\/\/linitiative.ca\/International\/wp-json\/wp\/v2\/categories?post=68463"},{"taxonomy":"post_tag","embeddable":true,"href":"https:\/\/linitiative.ca\/International\/wp-json\/wp\/v2\/tags?post=68463"}],"curies":[{"name":"wp","href":"https:\/\/api.w.org\/{rel}","templated":true}]}}