{"id":68468,"date":"2019-11-24T15:14:47","date_gmt":"2019-11-24T20:14:47","guid":{"rendered":"https:\/\/linitiative.ca\/International\/tunisie-deriniere-minute-video-le-message-dadieu-de-moncef-marzouki\/"},"modified":"2019-11-24T15:14:47","modified_gmt":"2019-11-24T20:14:47","slug":"tunisie-deriniere-minute-video-le-message-dadieu-de-moncef-marzouki","status":"publish","type":"post","link":"https:\/\/linitiative.ca\/International\/tunisie-deriniere-minute-video-le-message-dadieu-de-moncef-marzouki\/","title":{"rendered":"Tunisie \u2013 DERINIERE MINUTE\u00a0: Vid\u00e9o\u00a0: Le message d\u2019adieu de Moncef Marzouki"},"content":{"rendered":"<div class=\"post-cont-in left relative\">\n<div class=\"swp_social_panel swp_horizontal_panel swp_flat_fresh swp_default_full_color swp_individual_full_color swp_other_full_color scale-100 scale-\" data-min-width=\"1100\" data-float-color=\"#ffffff\" data-float=\"none\" data-float-mobile=\"none\" data-transition=\"slide\">\n<div class=\"nc_tweetContainer swp_share_button total_shares total_sharesalt\"><span class=\"swp_count\">106 <span class=\"swp_label\">Partages<\/span><\/span><\/div>\n<\/div>\n<p>L\u2019ex-pr\u00e9sident provisoire de la Tunisie, Moncef Marzouki a d\u00e9clar\u00e9 ce dimanche, \u00e0 travers une s\u00e9quence vid\u00e9o publi\u00e9e sur sa page Facebook, qu\u2019il se retirait de la pr\u00e9sidence du parti Al Harak ainsi\u00a0que de la vie politique.<\/p>\n<div class=\"code-block code-block-1 c3\"><ins class=\"adsbygoogle c2\" data-ad-layout=\"in-article\" data-ad-format=\"fluid\" data-ad-client=\"ca-pub-2102118777505746\" data-ad-slot=\"7301775417\"\/> <\/div>\n<p>Il a, n\u00e9anmoins, annonc\u00e9 qu\u2019il se permettait de s\u2019adresser une derni\u00e8re fois aux tunisiens, pour leur donner son point de vue sur la situation du pays et leur donner des conseils.<\/p>\n<div class=\"code-block code-block-2 c3\"><ins class=\"adsbygoogle c2\" data-ad-layout=\"in-article\" data-ad-format=\"fluid\" data-ad-client=\"ca-pub-2102118777505746\" data-ad-slot=\"7301775417\"\/> <\/div>\n<p>Il a annonc\u00e9 qu\u2019il a eu \u00e0 constater les difficult\u00e9s que vivent les tunisiens, mais qu\u2019il\u00a0allait falloir pers\u00e9v\u00e9rer, car il juge que le pays est sur la bonne voie.<\/p>\n<p>Il a attir\u00e9 l\u2019attention des citoyens sur les emb\u00fbches que rencontre la r\u00e9volution tunisienne pour se concr\u00e9tiser\u00a0avec\u00a0en t\u00eate, le probl\u00e8me politique. Il a expliqu\u00e9 que la politique dans le pays est en train d\u2019\u00eatre exploit\u00e9e par certains, pour changer la Constitution et revenir vers un syst\u00e8me pr\u00e9sidentiel. Il a appel\u00e9 \u00e0 pr\u00e9server cette Constitution qui est la meilleure du monde.<\/p>\n<p>Par contre, il a accus\u00e9 le syst\u00e8me \u00e9lectoral d\u2019\u00eatre en cause des probl\u00e8mes du pays, en \u00e9tant au service des partis et non \u00e0 celui de la Nation.<\/p>\n<p>Le deuxi\u00e8me probl\u00e8me, a ajout\u00e9 Marzouki est la corruption. Il a \u00e9mis des doutes sur le pouvoir des formations politiques actuelles \u00e0 la combattre, \u00e0 cause de leurs alliances contre-nature. Il a ajout\u00e9 que cette pieuvre est la cause principale du malheur des tunisiens, car les richesses sont spoli\u00e9es et non investies l\u00e0 o\u00f9 il le faudrait. Il a mis l\u2019accent sur l\u2019importance du r\u00f4le du citoyen pour rapporter tous les cas de corruption qu\u2019il constate.<\/p>\n<p>Le troisi\u00e8me point est le p\u00e9ril environnemental, principalement celui de l\u2019eau et des semences. Il a assur\u00e9 que le pays se trouve dans une zone \u00e0 tr\u00e8s haut risque \u00e0 cause du changement climatique, ajoutant que ce dossier doit se situer en t\u00eate de la liste des priorit\u00e9s du haut conseil de s\u00e9curit\u00e9 de l\u2019Etat.\u00a0Il\u00a0 devrait faire l\u2019objet de planification \u00e0 moyen et long terme. Il a expliqu\u00e9 que le financement de ces projets devra \u00eatre assur\u00e9 par les pays europ\u00e9ens, parce qu\u2019ils sont en cause de cette situation et ils doivent comprendre qu\u2019ils risquent de voir affluer vers eux les millions de \u00ab\u00a0r\u00e9fugi\u00e9s climatiques\u00a0\u00bb.<\/p>\n<p>Le quatri\u00e8me point est la position de la Tunisie dans son environnement g\u00e9opolitique.\u00a0Marzouki\u00a0\u00a0a assur\u00e9 que l\u2019avenir de la Tunisie se\u00a0trouve dans la r\u00e9gion du Maghreb et du monde arabe. Il s\u2019est f\u00e9licit\u00e9, des r\u00e9voltes actuelles des peuples arabes, expliquant que la r\u00e9volution arabe est la m\u00eame et appelant les jeunes tunisiens \u00e0 tisser des liens avec les jeunes d\u2019autres pays arabes, pour pr\u00e9parer les prochaines vagues de ce changement.<\/p>\n<p>Il a conclu en annon\u00e7ant qu\u2019il\u00a0\u00e9tait fier d\u2019avoir v\u00e9cu et contribu\u00e9 \u00e0 cette transformation du monde arabe, ajoutant qu\u2019il se retirait avec amertume, suite\u00a0\u00e0 sa d\u00e9confiture aux derni\u00e8res \u00e9lections.<br \/><iframe loading=\"lazy\" class=\"c4\" src=\"https:\/\/www.facebook.com\/plugins\/video.php?href=https%3A%2F%2Fwww.facebook.com%2FDr.Marzouki.Moncef%2Fvideos%2F476402146309986%2F&#038;show_text=0&#038;width=560\" width=\"560\" height=\"315\" frameborder=\"0\" scrolling=\"no\" allowfullscreen=\"allowfullscreen\">[embedded content]<\/iframe><\/p>\n<p><strong>Que se passe-t-il en Tunisie?<\/strong><br \/>Nous expliquons sur notre <a href=\"https:\/\/www.youtube.com\/channel\/UCRzypVq0B_yBad5eGrwBx0Q?sub_confirmation=1\" target=\"_blank\" rel=\"noopener noreferrer\">cha\u00eene YouTube<\/a> . <a href=\"https:\/\/www.youtube.com\/channel\/UCRzypVq0B_yBad5eGrwBx0Q?sub_confirmation=1\" target=\"_blank\" rel=\"noopener noreferrer\">Abonnez-vous!<\/a><\/p>\n<div class=\"mvp-org-wrap mvp-org-logo\" itemprop=\"publisher\" itemscope=\"\" itemtype=\"https:\/\/schema.org\/Organization\"><img decoding=\"async\" src=\"https:\/\/www.tunisienumerique.com\/wp-content\/uploads\/2017\/02\/logo_tunisie_numerique.png\"\/><\/div>\n<div class=\"swp_social_panel swp_horizontal_panel swp_flat_fresh swp_default_full_color swp_individual_full_color swp_other_full_color scale-100 scale-\" data-min-width=\"1100\" data-float-color=\"#ffffff\" data-float=\"none\" data-float-mobile=\"none\" data-transition=\"slide\">\n<div class=\"nc_tweetContainer swp_share_button total_shares total_sharesalt\"><span class=\"swp_count\">106 <span class=\"swp_label\">Partages<\/span><\/span><\/div>\n<\/div>\n<div class=\"mvp-related-posts left relative\">\n<h4 class=\"post-header\"><span class=\"post-header\">Lire aussi<\/span><\/h4>\n<\/div>\n<\/div>\n<p>Auteur: LM<br \/>\n<a href=\"https:\/\/www.tunisienumerique.com\/tunisie-deriniere-minute-video-le-message-dadieu-de-moncef-marzouki\/\">Cliquez ici pour lire l&rsquo;article depuis sa source.<\/a><\/p>\n","protected":false},"excerpt":{"rendered":"<p>106 Partages L\u2019ex-pr\u00e9sident provisoire de la Tunisie, Moncef Marzouki a d\u00e9clar\u00e9 ce dimanche, \u00e0 travers une s\u00e9quence vid\u00e9o publi\u00e9e sur sa page Facebook, qu\u2019il se retirait de la pr\u00e9sidence du parti Al Harak ainsi\u00a0que de la vie politique. Il a, n\u00e9anmoins, annonc\u00e9 qu\u2019il se permettait de s\u2019adresser une derni\u00e8re fois aux tunisiens, pour leur donner [&hellip;]<\/p>\n","protected":false},"author":1789,"featured_media":68469,"comment_status":"closed","ping_status":"closed","sticky":false,"template":"","format":"standard","meta":{"fifu_image_url":"","fifu_image_alt":"","footnotes":""},"categories":[73,55],"tags":[],"class_list":["post-68468","post","type-post","status-publish","format-standard","has-post-thumbnail","hentry","category-actualite","category-tunisie"],"_links":{"self":[{"href":"https:\/\/linitiative.ca\/International\/wp-json\/wp\/v2\/posts\/68468","targetHints":{"allow":["GET"]}}],"collection":[{"href":"https:\/\/linitiative.ca\/International\/wp-json\/wp\/v2\/posts"}],"about":[{"href":"https:\/\/linitiative.ca\/International\/wp-json\/wp\/v2\/types\/post"}],"author":[{"embeddable":true,"href":"https:\/\/linitiative.ca\/International\/wp-json\/wp\/v2\/users\/1789"}],"replies":[{"embeddable":true,"href":"https:\/\/linitiative.ca\/International\/wp-json\/wp\/v2\/comments?post=68468"}],"version-history":[{"count":0,"href":"https:\/\/linitiative.ca\/International\/wp-json\/wp\/v2\/posts\/68468\/revisions"}],"wp:featuredmedia":[{"embeddable":true,"href":"https:\/\/linitiative.ca\/International\/wp-json\/"}],"wp:attachment":[{"href":"https:\/\/linitiative.ca\/International\/wp-json\/wp\/v2\/media?parent=68468"}],"wp:term":[{"taxonomy":"category","embeddable":true,"href":"https:\/\/linitiative.ca\/International\/wp-json\/wp\/v2\/categories?post=68468"},{"taxonomy":"post_tag","embeddable":true,"href":"https:\/\/linitiative.ca\/International\/wp-json\/wp\/v2\/tags?post=68468"}],"curies":[{"name":"wp","href":"https:\/\/api.w.org\/{rel}","templated":true}]}}