{"id":68484,"date":"2019-11-25T06:23:27","date_gmt":"2019-11-25T11:23:27","guid":{"rendered":"https:\/\/linitiative.ca\/International\/la-corniche-de-rabat-fait-peau-neuve-imkan-devoile-son-projet-immobilier-le-carrousel-de-15-milliard-de-dirhams\/"},"modified":"2019-11-25T06:23:27","modified_gmt":"2019-11-25T11:23:27","slug":"la-corniche-de-rabat-fait-peau-neuve-imkan-devoile-son-projet-immobilier-le-carrousel-de-15-milliard-de-dirhams","status":"publish","type":"post","link":"https:\/\/linitiative.ca\/International\/la-corniche-de-rabat-fait-peau-neuve-imkan-devoile-son-projet-immobilier-le-carrousel-de-15-milliard-de-dirhams\/","title":{"rendered":"La corniche de Rabat fait peau neuve  : Imkan d\u00e9voile son projet immobilier \u00abLe Carrousel\u00bb de 1,5 milliard de dirhams"},"content":{"rendered":"<p><img decoding=\"async\" class=\"post_layout_5_img\" src=\"http:\/\/aujourdhui.ma\/wp-content\/uploads\/2019\/11\/Carosselle-Imkan-immobilier.jpg?x29840\" alt=\"La corniche de Rabat fait peau neuve : Imkan d\u00e9voile son projet immobilier \u00abLe Carrousel\u00bb de 1,5 milliard de dirhams\"\/><\/p>\n<p class=\"p1\"><span class=\"s1\"><span class=\"c4\"><strong>Le groupe \u00e9mirati Imkan a r\u00e9v\u00e9l\u00e9 \u00abLe Carrousel\u00bb, un nouveau projet \u00e0 usage mixte sur la corniche de Rabat.<\/strong><\/span><\/span> <span id=\"more-324485\"\/><\/p>\n<p class=\"p1\"><span class=\"s1\">Ce projet qui couvre une superficie de plus de 10 hectares s\u2019\u00e9tale sur une dur\u00e9e de cinq ans. Il se compose de r\u00e9sidences avec vue sur l\u2019oc\u00e9an, de restaurants, d\u2019un quartier d\u2019affaires, d\u2019un h\u00f4tel cinq \u00e9toiles et d\u2019un centre commercial ouvert vers l\u2019ext\u00e9rieur. Le montant d\u2019investissement de ce projet est de 1,5 milliard de dirhams. Celui-ci devrait permettre la cr\u00e9ation de 1.100 emploi directs et indirects. Selon Walid El Hindi, pr\u00e9sident-directeur g\u00e9n\u00e9ral d\u2019Imkan, <em>\u00abce projet ambitieux offre une exp\u00e9rience unique \u00e0 360 degr\u00e9s \u00e0 la fois aux habitants et aux visiteurs. Avec son emplacement privil\u00e9gi\u00e9 et ses offres r\u00e9sidentielles et commerciales sur mesure, nous sommes convaincus que Le Carrousel est en passe de devenir l\u2019une des principales destinations du Maroc\u00bb<\/em>. Connectant la terre et l\u2019eau, Le Carrousel est un projet int\u00e9gr\u00e9 qui adopte une d\u00e9marche durable et r\u00e9solument contemporaine. Sur le littoral de Rabat, il ouvre la ville \u00e0 l\u2019oc\u00e9an avec des \u00e9quipements et services aux meilleurs standards internationaux. Son plan de masse novateur, inspir\u00e9 du cercle, a \u00e9t\u00e9 con\u00e7u par quatre architectes internationaux et nationaux. Parmi lesquels, Rachid Andaloussi qui a indiqu\u00e9 \u00e0 ALM que <em>\u00abce projet sera caract\u00e9ris\u00e9 par une architecture contemporaine emprunt\u00e9e \u00e0 la culture marocaine\u00bb<\/em>.<span class=\"Apple-converted-space\">\u00a0<\/span> D\u2019apr\u00e8s lui, <em>\u00abLe Carrousel peut f\u00e9d\u00e9rer un ensemble de p\u00f4les urbains de Rabat \u00e0 l\u2019extr\u00eame par sa qualit\u00e9\u00bb.<\/em> Pens\u00e9 comme un espace de vie, de loisirs et de divertissement, Le Carrousel r\u00e9pond \u00e0 toutes les attentes des r\u00e9sidents en qu\u00eate de confort, de calme et de bien-\u00eatre. Il s\u2019articule autour de quatre volets principaux : des r\u00e9sidences, des espaces de loisirs et de promenade, un mall et un h\u00f4tel.<\/span><\/p>\n<p class=\"p3\"><strong><span class=\"s1\">Des appartements et\u00a0<\/span><span class=\"s1\">penthouses d\u2019exception<\/span><\/strong><\/p>\n<p class=\"p1\"><span class=\"s1\">Avec leur style chic et \u00e9pur\u00e9, les r\u00e9sidences du Carrousel, appel\u00e9es le phare du Carrousel, se composent d\u2019appartements et de penthouses lumineux. V\u00e9ritables prouesses d\u2019architecture et de d\u00e9coration, ces lieux de vie sont subtilement agenc\u00e9s pour cr\u00e9er des espaces adapt\u00e9s au style de vie des familles modernes. Ils comprennent des cuisines, des salles de bains, des s\u00e9jours et des terrasses : autant d\u2019espaces savamment distribu\u00e9s qui ouvrent la vue gr\u00e2ce \u00e0 de grandes baies vitr\u00e9es.<\/span><\/p>\n<p class=\"p3\"><strong><span class=\"s1\">Un mall ouvert vers\u00a0<\/span><span class=\"s1\">l\u2019ext\u00e9rieur<\/span><\/strong><\/p>\n<p class=\"p1\"><span class=\"s1\">Le centre commercial du Carrousel propose un mix in\u00e9dit de franchises internationales et locales, de services \u00e0 la personne, d\u2019animations et de loisirs \u00e9ducatifs. Sur une surface de 33.000 m\u00b2, il convie les grands et les petits \u00e0 vivre des exp\u00e9riences nouvelles et \u00e0 c\u00e9l\u00e9brer le shopping, la gastronomie ou encore l\u2019art et la culture, avec en prime un programme d\u2019activit\u00e9s et des surprises tout au long de l\u2019ann\u00e9e.<\/span><\/p>\n<p class=\"p3\"><strong><span class=\"s1\">Un h\u00f4tel-boutique d\u2019affaires<\/span><\/strong><\/p>\n<p class=\"p1\"><span class=\"s1\">Avec Le Carrousel Business Art, un h\u00f4tel-boutique de 123 chambres, Le Carrousel est aussi une \u00e9tape de choix pour les visiteurs de passage. G\u00e9r\u00e9 par un op\u00e9rateur dont le nom sera bient\u00f4t d\u00e9voil\u00e9, l\u2019\u00e9tablissement cinq \u00e9toiles symbolise l\u2019art de recevoir et la quintessence d\u2019un service h\u00f4telier unique avec des restaurants gastronomiques et un centre de bien-\u00eatre avec spa. \u00ab<em>Son architecture est r\u00e9solument contemporaine et son orientation parfaite d\u00e9voile un panorama \u00e9poustouflant sur l\u2019Atlantique. L\u2019h\u00f4tel comportera \u00e9galement des salles de r\u00e9unions, une salle de r\u00e9ception modulable et un spa\u00bb,<\/em> indique le Groupe Imkan.<\/span><\/p>\n<p class=\"p3\"><strong><span class=\"s1\">Un quartier d\u2019affaires pour une cr\u00e9ativit\u00e9 \u00e0 taille humaine<\/span><\/strong><\/p>\n<p class=\"p1\"><span class=\"s1\">Le Carrousel abrite \u00e9galement des bureaux et des espaces de coworking situ\u00e9s au c\u0153ur du mall et \u00e0 proximit\u00e9 imm\u00e9diate des r\u00e9sidences. Ici, les vies professionnelle et familiale se c\u00f4toient en toute harmonie dans un \u00e9quilibre qui fait la part belle \u00e0 la proximit\u00e9, \u00e0 l\u2019\u00e9change et au partage. Favorisant l\u2019\u00e9panouissement, ces lieux de travail forment un vrai poumon de cr\u00e9ativit\u00e9 pour des start-up et des jeunes talents porteurs d\u2019id\u00e9es nouvelles.<\/span><\/p>\n<p>Auteur: Siham Jadraoui<br \/>\n<a href=\"http:\/\/aujourdhui.ma\/economie\/immobilier\/la-corniche-de-rabat-fait-peau-neuve-imkan-devoile-son-projet-immobilier-le-carrousel-de-15-milliard-de-dirhams\">Cliquez ici pour lire l&rsquo;article depuis sa source.<\/a><\/p>\n","protected":false},"excerpt":{"rendered":"<p>Le groupe \u00e9mirati Imkan a r\u00e9v\u00e9l\u00e9 \u00abLe Carrousel\u00bb, un nouveau projet \u00e0 usage mixte sur la corniche de Rabat. Ce projet qui couvre une superficie de plus de 10 hectares s\u2019\u00e9tale sur une dur\u00e9e de cinq ans. Il se compose de r\u00e9sidences avec vue sur l\u2019oc\u00e9an, de restaurants, d\u2019un quartier d\u2019affaires, d\u2019un h\u00f4tel cinq \u00e9toiles [&hellip;]<\/p>\n","protected":false},"author":1759,"featured_media":0,"comment_status":"closed","ping_status":"closed","sticky":false,"template":"","format":"standard","meta":{"fifu_image_url":"","fifu_image_alt":"","footnotes":""},"categories":[73,54],"tags":[],"class_list":["post-68484","post","type-post","status-publish","format-standard","hentry","category-actualite","category-maroc"],"_links":{"self":[{"href":"https:\/\/linitiative.ca\/International\/wp-json\/wp\/v2\/posts\/68484","targetHints":{"allow":["GET"]}}],"collection":[{"href":"https:\/\/linitiative.ca\/International\/wp-json\/wp\/v2\/posts"}],"about":[{"href":"https:\/\/linitiative.ca\/International\/wp-json\/wp\/v2\/types\/post"}],"author":[{"embeddable":true,"href":"https:\/\/linitiative.ca\/International\/wp-json\/wp\/v2\/users\/1759"}],"replies":[{"embeddable":true,"href":"https:\/\/linitiative.ca\/International\/wp-json\/wp\/v2\/comments?post=68484"}],"version-history":[{"count":0,"href":"https:\/\/linitiative.ca\/International\/wp-json\/wp\/v2\/posts\/68484\/revisions"}],"wp:attachment":[{"href":"https:\/\/linitiative.ca\/International\/wp-json\/wp\/v2\/media?parent=68484"}],"wp:term":[{"taxonomy":"category","embeddable":true,"href":"https:\/\/linitiative.ca\/International\/wp-json\/wp\/v2\/categories?post=68484"},{"taxonomy":"post_tag","embeddable":true,"href":"https:\/\/linitiative.ca\/International\/wp-json\/wp\/v2\/tags?post=68484"}],"curies":[{"name":"wp","href":"https:\/\/api.w.org\/{rel}","templated":true}]}}