{"id":68488,"date":"2019-11-25T08:04:05","date_gmt":"2019-11-25T13:04:05","guid":{"rendered":"https:\/\/linitiative.ca\/International\/agadir-capitale-mondiale-des-energies-renouvelables-et-durables\/"},"modified":"2019-11-25T08:04:05","modified_gmt":"2019-11-25T13:04:05","slug":"agadir-capitale-mondiale-des-energies-renouvelables-et-durables","status":"publish","type":"post","link":"https:\/\/linitiative.ca\/International\/agadir-capitale-mondiale-des-energies-renouvelables-et-durables\/","title":{"rendered":"Agadir capitale mondiale des \u00e9nergies renouvelables et durables"},"content":{"rendered":"<p><img decoding=\"async\" class=\"post_layout_5_img\" src=\"http:\/\/aujourdhui.ma\/wp-content\/uploads\/2019\/11\/IRSEC%E2%80%9919-Agadir.jpg?x29840\" alt=\"Agadir capitale mondiale des \u00e9nergies renouvelables et durables\"\/><\/p>\n<p class=\"p1\"><span class=\"c5\"><strong><span class=\"s1 c4\"><em>Elle accueille pendant quatre jours l\u2019IRSEC\u201919<\/em><\/span><\/strong><\/span> <span id=\"more-324453\"\/><\/p>\n<p class=\"p1\"><span class=\"s1\">La capitale de la r\u00e9gion du Souss-Massa accueillera la 7\u00e8me \u00e9dition de la Conf\u00e9rence internationale sur les \u00e9nergies renouvelables et durables (IRSEC\u201919) du 27 au 30 novembre. Cet \u00e9v\u00e9nement sera l\u2019occasion pour les participants<span class=\"Apple-converted-space\">\u00a0<\/span> de pr\u00e9senter leurs travaux de recherche devant des experts internationaux.<\/span><\/p>\n<p class=\"p1\"><span class=\"s1\">Plac\u00e9e sous l\u2019\u00e9gide du minist\u00e8re de l\u2019\u00e9nergie, des mines et de l\u2019environnement et du minist\u00e8re de l\u2019industrie<span class=\"Apple-converted-space\">\u00a0<\/span> du commerce, de l\u2019\u00e9conomie verte et num\u00e9rique, la conf\u00e9rence est organis\u00e9e par l\u2019Espace m\u00e9diterran\u00e9en de technologie et d\u2019innovation (MSTI) en partenariat avec l\u2019Agence marocaine pour l\u2019\u00e9nergie durable (Masen -partenaire strat\u00e9gique), l\u2019Universit\u00e9 Mohammed V de Rabat (UM5), la GIZ, le CNRST, Hydro Qu\u00e9bec et plusieurs autres organismes nationaux et internationaux. L\u2019inauguration officielle de cet \u00e9v\u00e9nement qui aura lieu mercredi prochain sera marqu\u00e9e par la pr\u00e9sence des ministres et hauts responsables du secteur public et priv\u00e9.<\/span><\/p>\n<p class=\"p1\"><span class=\"s1\">La toute derni\u00e8re distinction de l\u2019IRSEC est son classement au niveau mondial par Google Scholar, les publications issues de l\u2019IRSEC sont maintenant les seules class\u00e9es de l\u2019Afrique et de la r\u00e9gion MENA dans le top 20 des publications dans le domaine de \u00abSolarEnergy\u00bb (14\u00e8me au monde).<\/span><\/p>\n<p class=\"p1\"><span class=\"s1\">T\u00e9moin de son s\u00e9rieux, l\u2019IRSEC\u201919 est techniquement soutenue par deux organismes internationaux de renom, \u00e0 savoir IEEE (Institute of Electrical and Electronics Engineers) et ISES (International Solar Energy Society).<\/span><\/p>\n<p class=\"p1\"><span class=\"s1\">Plus de 400 participants d\u2019une quarantaine de nationalit\u00e9s seront pr\u00e9sents \u00e0 ce rendez-vous. Un programme scientifique riche et vari\u00e9 est attendu. Plusieurs ateliers et tutoriaux anim\u00e9s par des experts de renomm\u00e9e mondiale sont programm\u00e9s. De plus, un grand espace d\u2019exposition est am\u00e9nag\u00e9 pour accueillir les industriels nationaux et internationaux. Ainsi l\u2019IRSEC est devenue un espace incontournable d\u2019\u00e9change et de transfert de technologie pour les experts, les chercheurs, les industriels et les d\u00e9cideurs dans les domaines des \u00e9nergies renouvelables, d\u2019efficacit\u00e9 \u00e9nerg\u00e9tique et de d\u00e9veloppement durable.<span class=\"Apple-converted-space\">\u00a0<\/span> L\u2019IRSEC sera une occasion pour les universitaires et industriels marocains de pr\u00e9senter leurs travaux de recherche devant des experts et de d\u00e9nicher les opportunit\u00e9s de collaboration pour monter et financer des projets et attirer des investissements.\u00a0<\/span><\/p>\n<p class=\"p1\"><span class=\"s1\">En plus de sa vocation de forum pour pr\u00e9senter les travaux de recherche dans des th\u00e9matiques li\u00e9es aux \u00e9nergies renouvelables, l\u2019efficacit\u00e9 \u00e9nerg\u00e9tique et de d\u00e9veloppement durable, l\u2019IRSEC\u201919 s\u2019ouvre sur des th\u00e9matiques \u00e0 tr\u00e8s forte valeur ajout\u00e9e pour le Maroc en g\u00e9n\u00e9ral et la r\u00e9gion du Souss-Massa en particulier. Dans ce sens, un atelier sur le dessalement de l\u2019eau de mer et une session sp\u00e9ciale sur la valorisation \u00e9nerg\u00e9tique des d\u00e9chets sont programm\u00e9s.<\/span><\/p>\n<p>Auteur: Mohamed Laabid<br \/>\n<a href=\"http:\/\/aujourdhui.ma\/economie\/agadir-capitale-mondiale-des-energies-renouvelables-et-durables\">Cliquez ici pour lire l&rsquo;article depuis sa source.<\/a><\/p>\n","protected":false},"excerpt":{"rendered":"<p>Elle accueille pendant quatre jours l\u2019IRSEC\u201919 La capitale de la r\u00e9gion du Souss-Massa accueillera la 7\u00e8me \u00e9dition de la Conf\u00e9rence internationale sur les \u00e9nergies renouvelables et durables (IRSEC\u201919) du 27 au 30 novembre. Cet \u00e9v\u00e9nement sera l\u2019occasion pour les participants\u00a0 de pr\u00e9senter leurs travaux de recherche devant des experts internationaux. Plac\u00e9e sous l\u2019\u00e9gide du minist\u00e8re [&hellip;]<\/p>\n","protected":false},"author":1759,"featured_media":0,"comment_status":"closed","ping_status":"closed","sticky":false,"template":"","format":"standard","meta":{"fifu_image_url":"","fifu_image_alt":"","footnotes":""},"categories":[73,54],"tags":[],"class_list":["post-68488","post","type-post","status-publish","format-standard","hentry","category-actualite","category-maroc"],"_links":{"self":[{"href":"https:\/\/linitiative.ca\/International\/wp-json\/wp\/v2\/posts\/68488","targetHints":{"allow":["GET"]}}],"collection":[{"href":"https:\/\/linitiative.ca\/International\/wp-json\/wp\/v2\/posts"}],"about":[{"href":"https:\/\/linitiative.ca\/International\/wp-json\/wp\/v2\/types\/post"}],"author":[{"embeddable":true,"href":"https:\/\/linitiative.ca\/International\/wp-json\/wp\/v2\/users\/1759"}],"replies":[{"embeddable":true,"href":"https:\/\/linitiative.ca\/International\/wp-json\/wp\/v2\/comments?post=68488"}],"version-history":[{"count":0,"href":"https:\/\/linitiative.ca\/International\/wp-json\/wp\/v2\/posts\/68488\/revisions"}],"wp:attachment":[{"href":"https:\/\/linitiative.ca\/International\/wp-json\/wp\/v2\/media?parent=68488"}],"wp:term":[{"taxonomy":"category","embeddable":true,"href":"https:\/\/linitiative.ca\/International\/wp-json\/wp\/v2\/categories?post=68488"},{"taxonomy":"post_tag","embeddable":true,"href":"https:\/\/linitiative.ca\/International\/wp-json\/wp\/v2\/tags?post=68488"}],"curies":[{"name":"wp","href":"https:\/\/api.w.org\/{rel}","templated":true}]}}