{"id":68490,"date":"2019-11-25T06:00:59","date_gmt":"2019-11-25T11:00:59","guid":{"rendered":"https:\/\/linitiative.ca\/International\/cloture-du-16e-edition-du-congres-national-des-droits-de-lenfant\/"},"modified":"2019-11-25T06:00:59","modified_gmt":"2019-11-25T11:00:59","slug":"cloture-du-16e-edition-du-congres-national-des-droits-de-lenfant","status":"publish","type":"post","link":"https:\/\/linitiative.ca\/International\/cloture-du-16e-edition-du-congres-national-des-droits-de-lenfant\/","title":{"rendered":"Cl\u00f4ture du 16\u00e8 \u00e9dition du Congr\u00e8s National des Droits de l\u2019Enfant"},"content":{"rendered":"<p class=\"has-text-color has-vivid-red-color c2\"><strong>L\u2019ONU d\u00e9cerne le Prix \u00abThe United Nations Champion Generation Unlimited\u00bb \u00e0 Son Altesse Royale Lalla Meryem<\/strong><\/p>\n<p class=\"has-text-color has-vivid-cyan-blue-color\"><strong>Son Altesse Royale la Princesse Lalla Meryem, Pr\u00e9sidente de l\u2019Observatoire National des Droits de l\u2019Enfant (ONDE), a pr\u00e9sid\u00e9, samedi \u00e0 Marrakech, la c\u00e9r\u00e9monie de cl\u00f4ture de la 16-\u00e8me \u00e9dition du Congr\u00e8s National des Droits de l\u2019Enfant, qui co\u00efncide avec la c\u00e9l\u00e9bration du 30-\u00e8me anniversaire de la Convention Internationale des Droits de l\u2019Enfant (ONU).<\/strong><\/p>\n<p>SAR la Princesse Lalla Meryem a suivi, \u00e0 cette occasion, une pr\u00e9sentation sur \u00e9cran du film retra\u00e7ant les \u00ab\u00a030 ans de la Convention Internationale des Droits de l\u2019Enfant (CIDE): Bilan, d\u00e9fis et perspectives\u00a0\u00bb.<br \/>Son Altesse Royale a suivi \u00e9galement une pr\u00e9sentation sur le Pacte National pour l\u2019enfant (Feuille de route \u00e0 l\u2019horizon 2030) faite par la Directrice Ex\u00e9cutive de l\u2019Observatoire National des Droits de l\u2019Enfant (ONDE), Mme Lamia Bazir.<\/p>\n<p>Dans un message vid\u00e9o de la Directrice g\u00e9n\u00e9rale de l\u2019UNICEF, Henrietta Fore, projet\u00e9 \u00e0 cette occasion, la responsable onusienne a remerci\u00e9 SAR la Princesse Lalla Meryem pour l\u2019organisation de la 16\u00e8me \u00e9dition du Congr\u00e8s National des Droits de l\u2019Enfant, organis\u00e9e sous le Haut Patronage de Sa Majest\u00e9 le Roi Mohammed VI, saluant Son engagement immuable et Ses actions louables en faveur de la d\u00e9fense et de la promotion des droits de l\u2019enfant.<\/p>\n<p>La c\u00e9r\u00e9monie a \u00e9t\u00e9, aussi, marqu\u00e9e par la pr\u00e9sentation sur \u00e9cran du Ce prix onusien a \u00e9t\u00e9, ensuite, remis \u00e0 SAR la Princesse Lalla Meryem par M. Geert Cappelaere, Conseiller principal au bureau du directeur ex\u00e9cutif de l\u2019UNICEF.<\/p>\n<p>Par la suite, Son Altesse Royale a pos\u00e9 pour une photo-souvenir avec l\u2019ensemble des signataires du Pacte, le Pr\u00e9sident du conseil ex\u00e9cutif de l\u2019UNICEF, M. Omar Hilale, le Conseiller principal au bureau du directeur ex\u00e9cutif de l\u2019UNICEF, M. Geert Cappelaere, le Secr\u00e9taire g\u00e9n\u00e9ral des cit\u00e9s et gouvernements locaux unis d\u2019Afrique, M. Jean-Pierre Elong Mbass, ainsi qu\u2019avec des enfants brillants et parlementaires.<br \/>Au terme de cette c\u00e9r\u00e9monie, SAR la Princesse Lalla Meryem s\u2019est dirig\u00e9e vers la sc\u00e8ne ext\u00e9rieure, o\u00f9 Son Altesse Royale a assist\u00e9 au lancement de la chanson nationale pour l\u2019enfance produite pour cette occasion et interpr\u00e9t\u00e9e par des artistes marocains de renom.<\/p>\n<p>Auteur: M&rsquo;hammed rahal<br \/>\n<a href=\"http:\/\/albayane.press.ma\/cloture-du-16e-edition-du-congres-national-des-droits-de-lenfant.html\">Cliquez ici pour lire l&rsquo;article depuis sa source.<\/a><\/p>\n","protected":false},"excerpt":{"rendered":"<p>L\u2019ONU d\u00e9cerne le Prix \u00abThe United Nations Champion Generation Unlimited\u00bb \u00e0 Son Altesse Royale Lalla Meryem Son Altesse Royale la Princesse Lalla Meryem, Pr\u00e9sidente de l\u2019Observatoire National des Droits de l\u2019Enfant (ONDE), a pr\u00e9sid\u00e9, samedi \u00e0 Marrakech, la c\u00e9r\u00e9monie de cl\u00f4ture de la 16-\u00e8me \u00e9dition du Congr\u00e8s National des Droits de l\u2019Enfant, qui co\u00efncide avec [&hellip;]<\/p>\n","protected":false},"author":1760,"featured_media":0,"comment_status":"closed","ping_status":"closed","sticky":false,"template":"","format":"standard","meta":{"fifu_image_url":"","fifu_image_alt":"","footnotes":""},"categories":[73,54],"tags":[],"class_list":["post-68490","post","type-post","status-publish","format-standard","hentry","category-actualite","category-maroc"],"_links":{"self":[{"href":"https:\/\/linitiative.ca\/International\/wp-json\/wp\/v2\/posts\/68490","targetHints":{"allow":["GET"]}}],"collection":[{"href":"https:\/\/linitiative.ca\/International\/wp-json\/wp\/v2\/posts"}],"about":[{"href":"https:\/\/linitiative.ca\/International\/wp-json\/wp\/v2\/types\/post"}],"author":[{"embeddable":true,"href":"https:\/\/linitiative.ca\/International\/wp-json\/wp\/v2\/users\/1760"}],"replies":[{"embeddable":true,"href":"https:\/\/linitiative.ca\/International\/wp-json\/wp\/v2\/comments?post=68490"}],"version-history":[{"count":0,"href":"https:\/\/linitiative.ca\/International\/wp-json\/wp\/v2\/posts\/68490\/revisions"}],"wp:attachment":[{"href":"https:\/\/linitiative.ca\/International\/wp-json\/wp\/v2\/media?parent=68490"}],"wp:term":[{"taxonomy":"category","embeddable":true,"href":"https:\/\/linitiative.ca\/International\/wp-json\/wp\/v2\/categories?post=68490"},{"taxonomy":"post_tag","embeddable":true,"href":"https:\/\/linitiative.ca\/International\/wp-json\/wp\/v2\/tags?post=68490"}],"curies":[{"name":"wp","href":"https:\/\/api.w.org\/{rel}","templated":true}]}}