{"id":68492,"date":"2019-11-25T06:26:58","date_gmt":"2019-11-25T11:26:58","guid":{"rendered":"https:\/\/linitiative.ca\/International\/interview-avec-omar-hilale-president-du-conseil-de-lunicef\/"},"modified":"2019-11-25T06:26:58","modified_gmt":"2019-11-25T11:26:58","slug":"interview-avec-omar-hilale-president-du-conseil-de-lunicef","status":"publish","type":"post","link":"https:\/\/linitiative.ca\/International\/interview-avec-omar-hilale-president-du-conseil-de-lunicef\/","title":{"rendered":"Interview avec Omar Hilale, pr\u00e9sident du Conseil de l\u2019UNICEF"},"content":{"rendered":"<p class=\"has-text-color has-vivid-red-color c2\"><strong>\u00abIl faut donner de l\u2019espoir aux jeunes\u00bb<\/strong><\/p>\n<p class=\"has-text-color has-vivid-cyan-blue-color\"><strong>Que signifie la d\u00e9signation de la Princesse Lalla Meryem en tant que \u00abUnited Nations Champion Unlimited\u00bb par l\u2019UNICEF?<\/strong><\/p>\n<p>Cette d\u00e9signation de la Princesse Lalla Meryem, en tant que \u00ab Championne des g\u00e9n\u00e9rations illimit\u00e9es\u00bb signifie qu\u2019elle sera un symbole pour toutes les g\u00e9n\u00e9rations, de l\u2019enfance \u00e0 l\u2019adolescence, jusqu\u2019\u00e0 l\u2019entr\u00e9e dans la vie active. L\u2019objectif est premi\u00e8rement de pr\u00e9parer les enfants \u00e0 acc\u00e9der \u00e0 la scolarit\u00e9. Secundo, il s\u2019agit de passer \u00e0 l\u2019interm\u00e9diaire, notamment aux adolescents et \u00e0 ceux qui ont besoin de protection. Tertio, il est question de les pr\u00e9parer \u00e0 rentrer dans la vie active et par la suite, \u00e0 entreprendre.<\/p>\n<p>Pour cela, il y a actuellement 9 champions dans le monde : des princesses, des chefs d\u2019Etat\u2026 Il s\u2019agit surtout d\u2019un partenariat entre ces champions et les pr\u00e9sidents des multinationales et des grandes banques. Parce que l\u2019objectif n\u2019est pas uniquement de tracer une feuille de route des actions \u00e0 mener, mais de disposer \u00e9galement des moyens et des fonds n\u00e9cessaires \u00e0 cet effet. L\u2019argent c\u2019est le nerf du d\u00e9veloppement, de la protection\u2026Il faut aider les jeunes \u00e0 cr\u00e9er leurs propres entreprises. On l\u2019appelle \u00abg\u00e9n\u00e9ration illimit\u00e9e\u00bb, car cela ne se limite pas uniquement \u00e0 l\u2019enfance, mais cela concerne aussi celui, qui jadis avait 5 ans au primaire, et qui a d\u00e9sormais 35 ans et est devenuentrepreneur et un acteur pour son pays.<\/p>\n<p><strong>Quelle est votre lecture du Pacte national de l\u2019enfant qui a \u00e9t\u00e9 pr\u00e9sent\u00e9 \u00e0 la cl\u00f4ture de ce 16<sup>e<\/sup> Congr\u00e8s national de l\u2019enfant\u00a0?<\/strong><\/p>\n<p>Le pacte a \u00e9t\u00e9 sign\u00e9 par le pr\u00e9sident du parlement, les ministres et les responsables des institutions. C\u2019est un engagement qu\u2019ils ont pris devant les enfants parlementaires pour les aider, les accompagner, \u00e0 faire tout ce qui est n\u00e9cessaire pour l\u2019\u00e9panouissement, la scolarit\u00e9 des enfants marocains, r\u00e9pondre \u00e0 leurs attentes et construire l\u2019avenir de demain. C\u2019est un engagement gouvernemental, parlementaire et institutionnel. Chaque ministre mettra en \u0153uvre les attentes et pr\u00e9occupations de jeunes dans son domaine.<\/p>\n<p><strong>Quid du budget pour la mise en \u0153uvre de ce pacte?<\/strong><\/p>\n<p>Le gouvernement doit tout d\u2019abord quantifier l\u2019ampleur du d\u00e9fi \u00e0 relever pour \u00e9tablir l\u2019enveloppe budg\u00e9taire. Cela d\u00e9pend de combien co\u00fbtera chaque op\u00e9ration ou engagement. Ce ne sont pas non plus tous les engagements qui auront besoin de financement. A titre d\u2019exemple, le minist\u00e8re de l\u2019int\u00e9rieur n\u2019aura pas \u00e0 financer ce que les gouverneurs, les walis\u2026 devront faire. Ce ne sont que certains projets qui doivent \u00eatre mat\u00e9rialis\u00e9s qui n\u00e9cessiteront un appui financier appropri\u00e9.<\/p>\n<p>Au niveau du minist\u00e8re des finances, certains fonds sont allou\u00e9s \u00e0 l\u2019action humanitaire, \u00e0 la scolarisation. Donc, il ira piocher dans ces fonds-l\u00e0. Ce n\u2019est pas s\u00fbr que cela soit d\u00e9j\u00e0 int\u00e9gr\u00e9 dans la prochaine loi de finances. Il ne faut pas se pr\u00e9cipiter. Nous avons d\u00e9j\u00e0 le cadre. Il faut maintenant se pencher sur chaque engagement. Ce sont 7 piliers au total. Ce n\u2019est pas si facile. Cela va concerner l\u2019ensemble du Maroc, avec l\u2019accent dans les zones vuln\u00e9rables et enclav\u00e9es. La priorit\u00e9 va \u00eatre donn\u00e9e aux enfants, aux jeunes filles et aux mamans dans les \u00abDar Oumouma\u00bb.<\/p>\n<p><strong>Ce nouveau Pacte est \u2013il une garantie que les diff\u00e9rents secteurs travailleront de mani\u00e8re coordonn\u00e9e en faveur de l\u2019enfance?<\/strong><\/p>\n<p>Jusqu\u2019\u00e0 maintenant, les diff\u00e9rents secteurs ont toujours travaill\u00e9 de mani\u00e8re coordonn\u00e9e. S\u2019il y a parfois des dysfonctionnements, ce n\u2019est pas parce que c\u2019est voulu, mais parce qu\u2019il y a peut-\u00eatre complexit\u00e9 ou lenteur bureaucratique. Nous l\u2019avons tous vu, les responsables ont pris un engagement devant les jeunes et devant le parlement des enfants. On ne peut pas jouer avec de tels engagements, car ce serait d\u00e9cr\u00e9dibiliser l\u2019action du gouvernement, que de ne pas mettre en \u0153uvre les promesses prises. C\u2019est un engagement qui a \u00e9t\u00e9 pris \u00e9galement devant Son Altesse royale. Que vont-ils lui dire quand elle demandera le bilan dans un ou deux ans ? Je n\u2019ai pas de pr\u00e9jug\u00e9s n\u00e9gatifs ; je reste toujours optimiste. Je fais confiance \u00e0 leur esprit de responsabilit\u00e9.<\/p>\n<p><strong>On assiste au ph\u00e9nom\u00e8ne des enfants de rue, notamment dans le nord, qui veulent rejoindre l\u2019Europe. Comment ce pacte va-t-il r\u00e9sorber cette probl\u00e9matique?<\/strong><\/p>\n<p>Il faut fixer ces jeunes ici, tout d\u2019abord en leur donnant de l\u2019espoir, en les r\u00e9int\u00e9grant dans les structures familiales. Il ne faut pas les laisser dans la rue. Il faut les faire retourner \u00e0 l\u2019\u00e9cole ou leur faire int\u00e9grer des centres de formation pour trouver un emploi. Il faut donner de l\u2019espoir aux jeunes. Il faut qu\u2019ils se rendent compte qu\u2019ils ont davantage \u00e0 gagner en restant et en servant leur pays, qu\u2019\u00e0 prendre le risque peut-\u00eatre de mourir.<\/p>\n<p class=\"c3\"><strong>Propos recueillis par Danielle Engolo<\/strong><\/p>\n<p class=\"c3\"><strong>DNES \u00e0 Marrakech<\/strong><\/p>\n<p>Auteur: M&rsquo;hammed rahal<br \/>\n<a href=\"http:\/\/albayane.press.ma\/interview-avec-omar-hilale-president-du-conseil-de-lunicef.html\">Cliquez ici pour lire l&rsquo;article depuis sa source.<\/a><\/p>\n","protected":false},"excerpt":{"rendered":"<p>\u00abIl faut donner de l\u2019espoir aux jeunes\u00bb Que signifie la d\u00e9signation de la Princesse Lalla Meryem en tant que \u00abUnited Nations Champion Unlimited\u00bb par l\u2019UNICEF? Cette d\u00e9signation de la Princesse Lalla Meryem, en tant que \u00ab Championne des g\u00e9n\u00e9rations illimit\u00e9es\u00bb signifie qu\u2019elle sera un symbole pour toutes les g\u00e9n\u00e9rations, de l\u2019enfance \u00e0 l\u2019adolescence, jusqu\u2019\u00e0 l\u2019entr\u00e9e [&hellip;]<\/p>\n","protected":false},"author":1760,"featured_media":0,"comment_status":"closed","ping_status":"closed","sticky":false,"template":"","format":"standard","meta":{"fifu_image_url":"","fifu_image_alt":"","footnotes":""},"categories":[73,54],"tags":[],"class_list":["post-68492","post","type-post","status-publish","format-standard","hentry","category-actualite","category-maroc"],"_links":{"self":[{"href":"https:\/\/linitiative.ca\/International\/wp-json\/wp\/v2\/posts\/68492","targetHints":{"allow":["GET"]}}],"collection":[{"href":"https:\/\/linitiative.ca\/International\/wp-json\/wp\/v2\/posts"}],"about":[{"href":"https:\/\/linitiative.ca\/International\/wp-json\/wp\/v2\/types\/post"}],"author":[{"embeddable":true,"href":"https:\/\/linitiative.ca\/International\/wp-json\/wp\/v2\/users\/1760"}],"replies":[{"embeddable":true,"href":"https:\/\/linitiative.ca\/International\/wp-json\/wp\/v2\/comments?post=68492"}],"version-history":[{"count":0,"href":"https:\/\/linitiative.ca\/International\/wp-json\/wp\/v2\/posts\/68492\/revisions"}],"wp:attachment":[{"href":"https:\/\/linitiative.ca\/International\/wp-json\/wp\/v2\/media?parent=68492"}],"wp:term":[{"taxonomy":"category","embeddable":true,"href":"https:\/\/linitiative.ca\/International\/wp-json\/wp\/v2\/categories?post=68492"},{"taxonomy":"post_tag","embeddable":true,"href":"https:\/\/linitiative.ca\/International\/wp-json\/wp\/v2\/tags?post=68492"}],"curies":[{"name":"wp","href":"https:\/\/api.w.org\/{rel}","templated":true}]}}