{"id":68493,"date":"2019-11-25T06:33:41","date_gmt":"2019-11-25T11:33:41","guid":{"rendered":"https:\/\/linitiative.ca\/International\/horizon-press-group-se-lance-de-plain-pied-dans-le-numerique\/"},"modified":"2019-11-25T06:33:41","modified_gmt":"2019-11-25T11:33:41","slug":"horizon-press-group-se-lance-de-plain-pied-dans-le-numerique","status":"publish","type":"post","link":"https:\/\/linitiative.ca\/International\/horizon-press-group-se-lance-de-plain-pied-dans-le-numerique\/","title":{"rendered":"Horizon press Group se lance de plain pied dans le num\u00e9rique"},"content":{"rendered":"<p class=\"has-text-color has-vivid-cyan-blue-color\"><strong>Cr\u00e9\u00e9 il y a 10 ans, Horizon press Group se veut plus moderne et plus proche de ses lecteurs en se mettant au diapason des mutations technologiques.\u00a0 L\u2019annonce a \u00e9t\u00e9 faite, jeudi dernier lors d\u2019une conf\u00e9rence de presse, organis\u00e9e \u00e0 l\u2019occasion de son 10 e anniversaire.<\/strong><\/p>\n<p>Le moment fut une occasion pour les dirigeants du Group de faire le bilan de l\u2019\u00e9volution des diff\u00e9rents supports mais \u00e9galement de d\u00e9voiler leurs strat\u00e9gies de d\u00e9veloppement pour les ann\u00e9es \u00e0 venir, surtout dans un contexte o\u00f9 le journalisme subit le diktat de la technologie digitale.<\/p>\n<p>En fait, l\u2019ambition du top management du Group est d\u2019\u00e9diter et de diffuser, chaque jour,\u00a0 une publication num\u00e9rique interactive sur les tablettes, smartphones ou ordinateurs et ce \u00e0 partir de 21h 00.\u00a0 Ainsi, la version num\u00e9rique (Les Eco+) va offrir aux lecteurs la possibilit\u00e9 de faire la s\u00e9lection des articles en utilisant le sommaire\u00a0ou encore \u00a0recourir \u00e0 la version compl\u00e8te du journal, a soulign\u00e9 Samir Chaouki, directeur g\u00e9n\u00e9ral du Group avant de poursuivre que les lecteurs peuvent \u00e9galement utiliser les moteurs de recherches pour consulter l\u2019archive du journal.<\/p>\n<p>Le conf\u00e9rencier a indiqu\u00e9 dans une d\u00e9claration au journal Bayane Alyaoume que le lancement de la version num\u00e9rique \u00abLes Inspirations Eco\u00bb, r\u00e9pond parfaitement aux aspirations du top management, celles de cr\u00e9er un nouveau mod\u00e8le \u00e9conomique innovant, permettant une transition num\u00e9rique r\u00e9ussie et plus efficace. Pour lui, ce d\u00e9fi cr\u00e9era une r\u00e9volution en mati\u00e8re de la lecture, \u00e9tant donn\u00e9 que les internautes peuvent poursuivre les informations \u00e0 travers la technique audio qui sera\u00a0 appliqu\u00e9e sur les articles, notant dans ce sens que la version num\u00e9rique va combiner, \u00e0 la fois,\u00a0 entre les particularit\u00e9s du journal, la radio et la t\u00e9l\u00e9vision.<\/p>\n<p>Abondant dans le m\u00eame ordre d\u2019id\u00e9es,\u00a0 Samir Chaouki a r\u00e9v\u00e9l\u00e9 que les ventes des \u00abLes Inspirations ECO \u00bb ont connu une croissance positive depuis 2009, en faisant savoir que le taux quotidien\u00a0 des ventes a pass\u00e9 de 6 milles \u00e0 13 milles exemplaires en 2019 et ce gr\u00e2ce aux abonn\u00e9s \u00e0 la formule num\u00e9rique lanc\u00e9e depuis 2016, dont le nombre s\u2019\u00e9l\u00e8vent actuellement plus de 4000 abonn\u00e9s.<\/p>\n<p>Visant \u00e0 atteindre 12 milles abonn\u00e9es en 2025, le directeur g\u00e9n\u00e9ral, a rassur\u00e9 que cette conversion dans le monde digital engage le Group a pr\u00e9server ses ressources humaines voire m\u00eame les renforcer en recourant aux comp\u00e9tences pointues et sp\u00e9cialistes dans les domaines de la photographie, le montage et la production du contenu num\u00e9rique.\u00a0 Bon vent confr\u00e8res.<\/p>\n<p class=\"c2\"><strong>K.D<\/strong><\/p>\n<p>Auteur: M&rsquo;hammed rahal<br \/>\n<a href=\"http:\/\/albayane.press.ma\/horizon-press-group-se-lance-de-plain-pied-dans-le-numerique.html\">Cliquez ici pour lire l&rsquo;article depuis sa source.<\/a><\/p>\n","protected":false},"excerpt":{"rendered":"<p>Cr\u00e9\u00e9 il y a 10 ans, Horizon press Group se veut plus moderne et plus proche de ses lecteurs en se mettant au diapason des mutations technologiques.\u00a0 L\u2019annonce a \u00e9t\u00e9 faite, jeudi dernier lors d\u2019une conf\u00e9rence de presse, organis\u00e9e \u00e0 l\u2019occasion de son 10 e anniversaire. Le moment fut une occasion pour les dirigeants du [&hellip;]<\/p>\n","protected":false},"author":1760,"featured_media":0,"comment_status":"closed","ping_status":"closed","sticky":false,"template":"","format":"standard","meta":{"fifu_image_url":"","fifu_image_alt":"","footnotes":""},"categories":[73,54],"tags":[],"class_list":["post-68493","post","type-post","status-publish","format-standard","hentry","category-actualite","category-maroc"],"_links":{"self":[{"href":"https:\/\/linitiative.ca\/International\/wp-json\/wp\/v2\/posts\/68493","targetHints":{"allow":["GET"]}}],"collection":[{"href":"https:\/\/linitiative.ca\/International\/wp-json\/wp\/v2\/posts"}],"about":[{"href":"https:\/\/linitiative.ca\/International\/wp-json\/wp\/v2\/types\/post"}],"author":[{"embeddable":true,"href":"https:\/\/linitiative.ca\/International\/wp-json\/wp\/v2\/users\/1760"}],"replies":[{"embeddable":true,"href":"https:\/\/linitiative.ca\/International\/wp-json\/wp\/v2\/comments?post=68493"}],"version-history":[{"count":0,"href":"https:\/\/linitiative.ca\/International\/wp-json\/wp\/v2\/posts\/68493\/revisions"}],"wp:attachment":[{"href":"https:\/\/linitiative.ca\/International\/wp-json\/wp\/v2\/media?parent=68493"}],"wp:term":[{"taxonomy":"category","embeddable":true,"href":"https:\/\/linitiative.ca\/International\/wp-json\/wp\/v2\/categories?post=68493"},{"taxonomy":"post_tag","embeddable":true,"href":"https:\/\/linitiative.ca\/International\/wp-json\/wp\/v2\/tags?post=68493"}],"curies":[{"name":"wp","href":"https:\/\/api.w.org\/{rel}","templated":true}]}}