{"id":68494,"date":"2019-11-25T07:28:40","date_gmt":"2019-11-25T12:28:40","guid":{"rendered":"https:\/\/linitiative.ca\/International\/arp-le-projet-de-lfc-2019-a-lexamen\/"},"modified":"2019-11-25T07:28:40","modified_gmt":"2019-11-25T12:28:40","slug":"arp-le-projet-de-lfc-2019-a-lexamen","status":"publish","type":"post","link":"https:\/\/linitiative.ca\/International\/arp-le-projet-de-lfc-2019-a-lexamen\/","title":{"rendered":"ARP :  Le projet de LFC 2019 \u00e0 l\u2019examen"},"content":{"rendered":"<p>Le gouvernement de Youssef Chahed a encore fait recours, en 2019, \u00e0 une Loi de Finances compl\u00e9mentaire (LFC) pour corriger les d\u00e9rives budg\u00e9taires par rapport \u00e0 la loi de Finances initiale. Ce projet de LCF est le 9\u00e8me projet du genre depuis la r\u00e9volution (17 d\u00e9cembre 2010-14 janvier 2011).<\/p>\n<p>Dans ce projet de LFC 2019, le montant du budget de l\u2019Etat a augment\u00e9 \u00e0 43,121 milliards de dinars, contre un montant de 40,861 milliards de dinars fix\u00e9 dans la loi de finance initiale, suite \u00e0 une augmentation des d\u00e9penses de l\u2019Etat de 2,260 milliards de dinars.<\/p>\n<p>Les d\u00e9penses de l\u2019Etat se r\u00e9partissent sur toute l\u2019ann\u00e9e 2019 entre les d\u00e9penses de gestion \u00e0 raison de 62,4% (26,897 milliards de dinars), les d\u00e9penses de d\u00e9veloppement dans une proportion de 14,5% (6,250 milliards de dinars) et les d\u00e9penses du service de la dette \u00e0 hauteur de 22,9% (9,874 milliards de dinars).<\/p>\n<p>Les \u00e9carts par rapport \u00e0 la loi de Finances initiale, proviennent essentiellement d\u2019une augmentation de la masse salariale de 649 millions de dinars (MD) suite aux accords conclus avec l\u2019UGTT au d\u00e9but de 2019 apr\u00e8s l\u2019adoption de la LF et d\u2019une hausse de la subvention du carburant de 438 MD en raison de la non application de la totalit\u00e9 des ajustements de prix pr\u00e9vus par la LF initiale et du retard d\u2019entr\u00e9e en exploitation du champ p\u00e9trolier et gazier Nawara.<\/p>\n<p>Ces \u00e9carts sont aussi dus \u00e0 l\u2019augmentation du service de la dette de 567 MD. Il s\u2019agit \u00e9galement des interventions au profit de la CNRPS, estim\u00e9es \u00e0 324 MD, de la Prime de 200 MD de la rentr\u00e9e scolaire, des 100 MD suppl\u00e9mentaires allou\u00e9s au d\u00e9veloppement et d\u2019un montant suppl\u00e9mentaire de 43 MD attribu\u00e9 \u00e0 l\u2019ISIE.<\/p>\n<p>Selon ce projet, le financement du budget par les ressources propres de l\u2019Etat s\u2019\u00e9l\u00e8ve \u00e0 76,4% contre 74% en 2018 et 69,7% en 2017. La LFC 2019 pr\u00e9voit aussi une baisse du niveau d\u2019endettement rapport\u00e9 au PIB \u00e0 75,1% (LFC 2019) contre 77% fin 2018.<\/p>\n<p>La LFC 2019 table aussi sur un d\u00e9ficit budg\u00e9taire de 3,5% contre 3,9% dans le budget initial et 4,8% en 2018.<\/p>\n<p>Le projet de LFC 2019 est actuellement en cours d\u2019examen par la commission provisoire de l\u2019ARP charg\u00e9e d\u2019\u00e9tudier le projet de la Loi de finances compl\u00e9mentaire (LFC) 2019, et ceux du budget de l\u2019Etat 2020 et de la Loi de finances 2020.<\/p>\n<p class=\"dpsp-share-text\">Partager c&rsquo;est aimer!<\/p>\n<div class=\"wp-post-author-wrap wp-post-author-shortcode left\">\n<h3 class=\"awpa-title\"\/>\n<div class=\"wp-post-author\">\n<div class=\"awpa-img awpa-author-block square\"><a href=\"http:\/\/lexpertjournal.net\/fr\/author\/expert\/\"><img loading=\"lazy\" decoding=\"async\" alt=\"\" src=\"http:\/\/2.gravatar.com\/avatar\/56d99be2a6f97af88ccb49fada637fcd?s=150&#038;d=mm&#038;r=g\" srcset=\"http:\/\/2.gravatar.com\/avatar\/56d99be2a6f97af88ccb49fada637fcd?s=300&#038;d=mm&#038;r=g 2x\" class=\"avatar avatar-150 photo\" height=\"150\" width=\"150\"\/><\/a><\/div>\n<\/div>\n<\/div>\n<p>Auteur: L&rsquo;expert<br \/>\n<a href=\"http:\/\/lexpertjournal.net\/fr\/2019\/11\/25\/arp-le-projet-de-lfc-2019-a-lexamen\/\">Cliquez ici pour lire l&rsquo;article depuis sa source.<\/a><\/p>\n","protected":false},"excerpt":{"rendered":"<p>Le gouvernement de Youssef Chahed a encore fait recours, en 2019, \u00e0 une Loi de Finances compl\u00e9mentaire (LFC) pour corriger les d\u00e9rives budg\u00e9taires par rapport \u00e0 la loi de Finances initiale. Ce projet de LCF est le 9\u00e8me projet du genre depuis la r\u00e9volution (17 d\u00e9cembre 2010-14 janvier 2011). Dans ce projet de LFC 2019, [&hellip;]<\/p>\n","protected":false},"author":1775,"featured_media":0,"comment_status":"closed","ping_status":"closed","sticky":false,"template":"","format":"standard","meta":{"fifu_image_url":"","fifu_image_alt":"","footnotes":""},"categories":[78,55],"tags":[],"class_list":["post-68494","post","type-post","status-publish","format-standard","hentry","category-economie","category-tunisie"],"_links":{"self":[{"href":"https:\/\/linitiative.ca\/International\/wp-json\/wp\/v2\/posts\/68494","targetHints":{"allow":["GET"]}}],"collection":[{"href":"https:\/\/linitiative.ca\/International\/wp-json\/wp\/v2\/posts"}],"about":[{"href":"https:\/\/linitiative.ca\/International\/wp-json\/wp\/v2\/types\/post"}],"author":[{"embeddable":true,"href":"https:\/\/linitiative.ca\/International\/wp-json\/wp\/v2\/users\/1775"}],"replies":[{"embeddable":true,"href":"https:\/\/linitiative.ca\/International\/wp-json\/wp\/v2\/comments?post=68494"}],"version-history":[{"count":0,"href":"https:\/\/linitiative.ca\/International\/wp-json\/wp\/v2\/posts\/68494\/revisions"}],"wp:attachment":[{"href":"https:\/\/linitiative.ca\/International\/wp-json\/wp\/v2\/media?parent=68494"}],"wp:term":[{"taxonomy":"category","embeddable":true,"href":"https:\/\/linitiative.ca\/International\/wp-json\/wp\/v2\/categories?post=68494"},{"taxonomy":"post_tag","embeddable":true,"href":"https:\/\/linitiative.ca\/International\/wp-json\/wp\/v2\/tags?post=68494"}],"curies":[{"name":"wp","href":"https:\/\/api.w.org\/{rel}","templated":true}]}}