{"id":68495,"date":"2019-11-25T07:30:10","date_gmt":"2019-11-25T12:30:10","guid":{"rendered":"https:\/\/linitiative.ca\/International\/tractations-avec-les-organisations-lutica-pour-un-gouvernement-de-competences-apolitiques\/"},"modified":"2019-11-25T07:30:10","modified_gmt":"2019-11-25T12:30:10","slug":"tractations-avec-les-organisations-lutica-pour-un-gouvernement-de-competences-apolitiques","status":"publish","type":"post","link":"https:\/\/linitiative.ca\/International\/tractations-avec-les-organisations-lutica-pour-un-gouvernement-de-competences-apolitiques\/","title":{"rendered":"Tractations avec les organisations : L\u2019UTICA pour un gouvernement de comp\u00e9tences apolitiques"},"content":{"rendered":"<p>Re\u00e7u ce vendredi au Palais Dar Dhiafa \u00e0 Carthage par le chef du gouvernement d\u00e9sign\u00e9, Habib Jemli, le pr\u00e9sident de l\u2019Union tunisienne de l\u2019industrie, du commerce et de l\u2019artisanat (UTICA) Samir Majoul a indiqu\u00e9 avoir soulign\u00e9 au cours de la rencontre la n\u00e9cessit\u00e9 que le prochain gouvernement soit compos\u00e9 de comp\u00e9tences nationales apolitiques.<\/p>\n<p>Les partis doivent avoir un r\u00f4le au parlement, a-t-il estim\u00e9, ajoutant que son entretien avec le chef du gouvernement d\u00e9sign\u00e9 a \u00e9t\u00e9 l\u2019occasion d\u2019\u00e9changer les points de vue sur le contexte \u00e9conomique, financier et social difficile.<\/p>\n<p>La rencontre a \u00e9t\u00e9 l\u2019occasion \u00e9galement de pr\u00e9senter la vision de l\u2019UTICA \u00e0 l\u2019horizon 2025 ainsi que son programme \u00e9conomique et les moyens d\u2019impulser l\u2019\u00e9conomie nationale, a-t-il dit.<\/p>\n<p>Sur la loi de finances, Majoul a relev\u00e9 que le projet de loi soumis \u00e0 l\u2019examen du parlement ne peut pas relancer l\u2019investissement. Pour lui, il faut \u00e9laborer une strat\u00e9gie claire et conjuguer les efforts pour parvenir \u00e0 un r\u00e9sultat.<\/p>\n<p>Sur un autre plan, Majoul a indiqu\u00e9 que l\u2019organisation patronale n\u2019a pas propos\u00e9 des noms pour le futur gouvernement, laissant au chef du gouvernement d\u00e9sign\u00e9 la libert\u00e9 de choisir les membres du gouvernement.<\/p>\n<p>Toutefois, Majoul a propos\u00e9 que le mandat du gouvernement soit d\u2019une dur\u00e9e de cinq ans avec une obligation de r\u00e9sultat.<\/p>\n<p>Concernant la participation de l\u2019UTICA \u00e0 la commission charg\u00e9e d\u2019\u00e9laborer le plan d\u2019action du prochain gouvernement, Majoul a relev\u00e9 que cette question n\u2019a pas \u00e9t\u00e9 abord\u00e9e. L\u2019absence de l\u2019organisation patronale signifie son \u00e9chec, a-t-il cependant fait remarquer.<\/p>\n<p>A une question sur la r\u00e9action du chef du gouvernement pr\u00e9sum\u00e9 concernant les revendications de l\u2019UTICA, Majoul a r\u00e9pondu que Habib Jemli est conscient de la situation r\u00e9elle de l\u2019\u00e9conomie nationale et de l\u2019importance de conjuguer les efforts pour identifier des solutions pour les diff\u00e9rents secteurs et pour les r\u00e9gions.<\/p>\n<p class=\"dpsp-share-text\">Partager c&rsquo;est aimer!<\/p>\n<div class=\"wp-post-author-wrap wp-post-author-shortcode left\">\n<h3 class=\"awpa-title\"\/>\n<div class=\"wp-post-author\">\n<div class=\"awpa-img awpa-author-block square\"><a href=\"http:\/\/lexpertjournal.net\/fr\/author\/expert\/\"><img loading=\"lazy\" decoding=\"async\" alt=\"\" src=\"http:\/\/2.gravatar.com\/avatar\/56d99be2a6f97af88ccb49fada637fcd?s=150&#038;d=mm&#038;r=g\" srcset=\"http:\/\/2.gravatar.com\/avatar\/56d99be2a6f97af88ccb49fada637fcd?s=300&#038;d=mm&#038;r=g 2x\" class=\"avatar avatar-150 photo\" height=\"150\" width=\"150\"\/><\/a><\/div>\n<\/div>\n<\/div>\n<p>Auteur: L&rsquo;expert<br \/>\n<a href=\"http:\/\/lexpertjournal.net\/fr\/2019\/11\/25\/tractations-avec-les-organisations-lutica-pour-un-gouvernement-de-competences-apolitiques\/\">Cliquez ici pour lire l&rsquo;article depuis sa source.<\/a><\/p>\n","protected":false},"excerpt":{"rendered":"<p>Re\u00e7u ce vendredi au Palais Dar Dhiafa \u00e0 Carthage par le chef du gouvernement d\u00e9sign\u00e9, Habib Jemli, le pr\u00e9sident de l\u2019Union tunisienne de l\u2019industrie, du commerce et de l\u2019artisanat (UTICA) Samir Majoul a indiqu\u00e9 avoir soulign\u00e9 au cours de la rencontre la n\u00e9cessit\u00e9 que le prochain gouvernement soit compos\u00e9 de comp\u00e9tences nationales apolitiques. Les partis [&hellip;]<\/p>\n","protected":false},"author":1775,"featured_media":0,"comment_status":"closed","ping_status":"closed","sticky":false,"template":"","format":"standard","meta":{"fifu_image_url":"","fifu_image_alt":"","footnotes":""},"categories":[78,55],"tags":[],"class_list":["post-68495","post","type-post","status-publish","format-standard","hentry","category-economie","category-tunisie"],"_links":{"self":[{"href":"https:\/\/linitiative.ca\/International\/wp-json\/wp\/v2\/posts\/68495","targetHints":{"allow":["GET"]}}],"collection":[{"href":"https:\/\/linitiative.ca\/International\/wp-json\/wp\/v2\/posts"}],"about":[{"href":"https:\/\/linitiative.ca\/International\/wp-json\/wp\/v2\/types\/post"}],"author":[{"embeddable":true,"href":"https:\/\/linitiative.ca\/International\/wp-json\/wp\/v2\/users\/1775"}],"replies":[{"embeddable":true,"href":"https:\/\/linitiative.ca\/International\/wp-json\/wp\/v2\/comments?post=68495"}],"version-history":[{"count":0,"href":"https:\/\/linitiative.ca\/International\/wp-json\/wp\/v2\/posts\/68495\/revisions"}],"wp:attachment":[{"href":"https:\/\/linitiative.ca\/International\/wp-json\/wp\/v2\/media?parent=68495"}],"wp:term":[{"taxonomy":"category","embeddable":true,"href":"https:\/\/linitiative.ca\/International\/wp-json\/wp\/v2\/categories?post=68495"},{"taxonomy":"post_tag","embeddable":true,"href":"https:\/\/linitiative.ca\/International\/wp-json\/wp\/v2\/tags?post=68495"}],"curies":[{"name":"wp","href":"https:\/\/api.w.org\/{rel}","templated":true}]}}