{"id":68496,"date":"2019-11-25T07:31:42","date_gmt":"2019-11-25T12:31:42","guid":{"rendered":"https:\/\/linitiative.ca\/International\/feriani-a-tozeur-appel-a-promouvoir-lindustrie-de-transformation-des-dattes\/"},"modified":"2019-11-25T07:31:42","modified_gmt":"2019-11-25T12:31:42","slug":"feriani-a-tozeur-appel-a-promouvoir-lindustrie-de-transformation-des-dattes","status":"publish","type":"post","link":"https:\/\/linitiative.ca\/International\/feriani-a-tozeur-appel-a-promouvoir-lindustrie-de-transformation-des-dattes\/","title":{"rendered":"F\u00e9riani \u00e0 Tozeur : Appel \u00e0 promouvoir l\u2019industrie de transformation des dattes"},"content":{"rendered":"<p>La 2\u00e8me \u00e9dition du Forum international des dattes et des palmiers, tenue jeudi, \u00e0 Tozeur, vise \u00e0 constituer une cha\u00eene de valeurs p\u00e9renne pour les dattes, selon le Ministre de l\u2019Industrie et des Petites et Moyennes Entreprises au gouvernement charg\u00e9 d\u2019exp\u00e9dier les affaires courantes, Slim F\u00e9riani.<\/p>\n<p>Il s\u2019agit d\u2019examiner les moyens d\u2019am\u00e9liorer la production et le syst\u00e8me de transformation de toutes les composantes de ce fruit, palmiers et ses d\u00e9riv\u00e9s, en vue de promouvoir les exportations du secteur, a-t-il dit.<\/p>\n<p>Il a appel\u00e9 \u00e0 promouvoir le site tunisien en mati\u00e8re des industries de transformation des dattes, d\u2019autant plus que le pays ambitionne de commercialiser ses produits nationaux aupr\u00e8s 2,5 milliards habitants dans le monde.<\/p>\n<p>Le ministre a mis l\u2019accent sur l\u2019importance d\u2019am\u00e9liorer les exportations des dattes, \u00e0 travers la valorisation du produit, \u00e0 l\u2019instar de ce qui a \u00e9t\u00e9 r\u00e9alis\u00e9 en mati\u00e8re d\u2019huile d\u2019olive.<\/p>\n<p>Les recettes des dattes ont atteint 870 MD, et pourrait atteindre 1000 millions de dinars au cours de la nouvelle saison, gr\u00e2ce \u00e0 l\u2019abondance de la production, laquelle est estim\u00e9e \u00e0 340 mille tonnes, soit la m\u00eame quantit\u00e9 attendue pour les olives (350 mille tonnes).<\/p>\n<p>Et d\u2019ajouter que la strat\u00e9gie de l\u2019Etat est orient\u00e9e vers le renforcement de la valeur ajout\u00e9e des dattes, en encourageant les projets de transformation dans les gouvernorats productifs et autres, appelant les investisseurs priv\u00e9s \u00e0 prendre le risque, \u00e0 se lancer dans des processus d\u2019exportation et de conqu\u00e9rir des march\u00e9s.<\/p>\n<p>\u00ab Quant \u00e0 l\u2019Etat, il va jouer son r\u00f4le en mati\u00e8re de commercialisation de ce produit comp\u00e9titif \u00bb, a-t-il soulign\u00e9.<\/p>\n<p>Les dattes tunisiennes export\u00e9es sont en t\u00eate de classement au plan mondial, et elles sont commercialis\u00e9es dans 73 pays des 5 continents.<\/p>\n<p class=\"dpsp-share-text\">Partager c&rsquo;est aimer!<\/p>\n<div class=\"wp-post-author-wrap wp-post-author-shortcode left\">\n<h3 class=\"awpa-title\"\/>\n<div class=\"wp-post-author\">\n<div class=\"awpa-img awpa-author-block square\"><a href=\"http:\/\/lexpertjournal.net\/fr\/author\/expert\/\"><img loading=\"lazy\" decoding=\"async\" alt=\"\" src=\"http:\/\/2.gravatar.com\/avatar\/56d99be2a6f97af88ccb49fada637fcd?s=150&#038;d=mm&#038;r=g\" srcset=\"http:\/\/2.gravatar.com\/avatar\/56d99be2a6f97af88ccb49fada637fcd?s=300&#038;d=mm&#038;r=g 2x\" class=\"avatar avatar-150 photo\" height=\"150\" width=\"150\"\/><\/a><\/div>\n<\/div>\n<\/div>\n<p>Auteur: L&rsquo;expert<br \/>\n<a href=\"http:\/\/lexpertjournal.net\/fr\/2019\/11\/25\/feriani-a-tozeur-appel-a-promouvoir-lindustrie-de-transformation-des-dattes\/\">Cliquez ici pour lire l&rsquo;article depuis sa source.<\/a><\/p>\n","protected":false},"excerpt":{"rendered":"<p>La 2\u00e8me \u00e9dition du Forum international des dattes et des palmiers, tenue jeudi, \u00e0 Tozeur, vise \u00e0 constituer une cha\u00eene de valeurs p\u00e9renne pour les dattes, selon le Ministre de l\u2019Industrie et des Petites et Moyennes Entreprises au gouvernement charg\u00e9 d\u2019exp\u00e9dier les affaires courantes, Slim F\u00e9riani. Il s\u2019agit d\u2019examiner les moyens d\u2019am\u00e9liorer la production et [&hellip;]<\/p>\n","protected":false},"author":1775,"featured_media":0,"comment_status":"closed","ping_status":"closed","sticky":false,"template":"","format":"standard","meta":{"fifu_image_url":"","fifu_image_alt":"","footnotes":""},"categories":[78,55],"tags":[],"class_list":["post-68496","post","type-post","status-publish","format-standard","hentry","category-economie","category-tunisie"],"_links":{"self":[{"href":"https:\/\/linitiative.ca\/International\/wp-json\/wp\/v2\/posts\/68496","targetHints":{"allow":["GET"]}}],"collection":[{"href":"https:\/\/linitiative.ca\/International\/wp-json\/wp\/v2\/posts"}],"about":[{"href":"https:\/\/linitiative.ca\/International\/wp-json\/wp\/v2\/types\/post"}],"author":[{"embeddable":true,"href":"https:\/\/linitiative.ca\/International\/wp-json\/wp\/v2\/users\/1775"}],"replies":[{"embeddable":true,"href":"https:\/\/linitiative.ca\/International\/wp-json\/wp\/v2\/comments?post=68496"}],"version-history":[{"count":0,"href":"https:\/\/linitiative.ca\/International\/wp-json\/wp\/v2\/posts\/68496\/revisions"}],"wp:attachment":[{"href":"https:\/\/linitiative.ca\/International\/wp-json\/wp\/v2\/media?parent=68496"}],"wp:term":[{"taxonomy":"category","embeddable":true,"href":"https:\/\/linitiative.ca\/International\/wp-json\/wp\/v2\/categories?post=68496"},{"taxonomy":"post_tag","embeddable":true,"href":"https:\/\/linitiative.ca\/International\/wp-json\/wp\/v2\/tags?post=68496"}],"curies":[{"name":"wp","href":"https:\/\/api.w.org\/{rel}","templated":true}]}}