{"id":68497,"date":"2019-11-25T07:33:31","date_gmt":"2019-11-25T12:33:31","guid":{"rendered":"https:\/\/linitiative.ca\/International\/medenine-43-migrants-subsahariens-sauves-pres-des-cotes-de-djerba\/"},"modified":"2019-11-25T07:33:31","modified_gmt":"2019-11-25T12:33:31","slug":"medenine-43-migrants-subsahariens-sauves-pres-des-cotes-de-djerba","status":"publish","type":"post","link":"https:\/\/linitiative.ca\/International\/medenine-43-migrants-subsahariens-sauves-pres-des-cotes-de-djerba\/","title":{"rendered":"M\u00e9denine :  43 migrants subsahariens sauv\u00e9s pr\u00e8s des c\u00f4tes de Djerba"},"content":{"rendered":"<p>Les garde-c\u00f4tes de Djerba ont r\u00e9ussi, jeudi, \u00e0 secourir 43 migrants subsahariens sur leur embarcation en panne de carburant \u00e0 10 miles du port de Houmet Souk.<\/p>\n<p>L\u2019embarcation avait quitt\u00e9 les c\u00f4tes libyennes depuis lundi dernier en direction de l\u2019Italie, a pr\u00e9cis\u00e9 Rachid Bouzidi, porte-parole du district de la garde maritime du sud.<\/p>\n<p>Parmi ces migrants, 23 \u00e9thiopiens, 15 \u00e9rythr\u00e9ens et 5 somaliens. Ils sont \u00e2g\u00e9s entre 16 et 40 ans dont 11 femmes.<\/p>\n<p>Un migrant \u00e9thiopien a \u00e9t\u00e9 admis \u00e0 l\u2019h\u00f4pital r\u00e9gional de Djerba \u00e0 cause de la d\u00e9t\u00e9rioration de son \u00e9tat de sant\u00e9 et le reste a \u00e9t\u00e9 transf\u00e9r\u00e9 au centre d\u2019accueil de migrants \u00e0 Zarzis o\u00f9 b\u00e9n\u00e9ficieront de l\u2019encadrement n\u00e9cessaire par le Croissant rouge tunisien.<\/p>\n<p class=\"dpsp-share-text\">Partager c&rsquo;est aimer!<\/p>\n<div class=\"wp-post-author-wrap wp-post-author-shortcode left\">\n<h3 class=\"awpa-title\"\/>\n<div class=\"wp-post-author\">\n<div class=\"awpa-img awpa-author-block square\"><a href=\"http:\/\/lexpertjournal.net\/fr\/author\/expert\/\"><img loading=\"lazy\" decoding=\"async\" alt=\"\" src=\"http:\/\/2.gravatar.com\/avatar\/56d99be2a6f97af88ccb49fada637fcd?s=150&#038;d=mm&#038;r=g\" srcset=\"http:\/\/2.gravatar.com\/avatar\/56d99be2a6f97af88ccb49fada637fcd?s=300&#038;d=mm&#038;r=g 2x\" class=\"avatar avatar-150 photo\" height=\"150\" width=\"150\"\/><\/a><\/div>\n<\/div>\n<\/div>\n<p>Auteur: L&rsquo;expert<br \/>\n<a href=\"http:\/\/lexpertjournal.net\/fr\/2019\/11\/25\/medenine-43-migrants-subsahariens-sauves-pres-des-cotes-de-djerba\/\">Cliquez ici pour lire l&rsquo;article depuis sa source.<\/a><\/p>\n","protected":false},"excerpt":{"rendered":"<p>Les garde-c\u00f4tes de Djerba ont r\u00e9ussi, jeudi, \u00e0 secourir 43 migrants subsahariens sur leur embarcation en panne de carburant \u00e0 10 miles du port de Houmet Souk. L\u2019embarcation avait quitt\u00e9 les c\u00f4tes libyennes depuis lundi dernier en direction de l\u2019Italie, a pr\u00e9cis\u00e9 Rachid Bouzidi, porte-parole du district de la garde maritime du sud. Parmi ces [&hellip;]<\/p>\n","protected":false},"author":1775,"featured_media":0,"comment_status":"closed","ping_status":"closed","sticky":false,"template":"","format":"standard","meta":{"fifu_image_url":"","fifu_image_alt":"","footnotes":""},"categories":[78,55],"tags":[],"class_list":["post-68497","post","type-post","status-publish","format-standard","hentry","category-economie","category-tunisie"],"_links":{"self":[{"href":"https:\/\/linitiative.ca\/International\/wp-json\/wp\/v2\/posts\/68497","targetHints":{"allow":["GET"]}}],"collection":[{"href":"https:\/\/linitiative.ca\/International\/wp-json\/wp\/v2\/posts"}],"about":[{"href":"https:\/\/linitiative.ca\/International\/wp-json\/wp\/v2\/types\/post"}],"author":[{"embeddable":true,"href":"https:\/\/linitiative.ca\/International\/wp-json\/wp\/v2\/users\/1775"}],"replies":[{"embeddable":true,"href":"https:\/\/linitiative.ca\/International\/wp-json\/wp\/v2\/comments?post=68497"}],"version-history":[{"count":0,"href":"https:\/\/linitiative.ca\/International\/wp-json\/wp\/v2\/posts\/68497\/revisions"}],"wp:attachment":[{"href":"https:\/\/linitiative.ca\/International\/wp-json\/wp\/v2\/media?parent=68497"}],"wp:term":[{"taxonomy":"category","embeddable":true,"href":"https:\/\/linitiative.ca\/International\/wp-json\/wp\/v2\/categories?post=68497"},{"taxonomy":"post_tag","embeddable":true,"href":"https:\/\/linitiative.ca\/International\/wp-json\/wp\/v2\/tags?post=68497"}],"curies":[{"name":"wp","href":"https:\/\/api.w.org\/{rel}","templated":true}]}}