{"id":68502,"date":"2019-11-25T07:40:00","date_gmt":"2019-11-25T12:40:00","guid":{"rendered":"https:\/\/linitiative.ca\/International\/yasmine-dahmani-condamnee-avec-sursis-6-mois-de-prison-ferme-pour-les-autres-detenus\/"},"modified":"2019-11-25T07:40:00","modified_gmt":"2019-11-25T12:40:00","slug":"yasmine-dahmani-condamnee-avec-sursis-6-mois-de-prison-ferme-pour-les-autres-detenus","status":"publish","type":"post","link":"https:\/\/linitiative.ca\/International\/yasmine-dahmani-condamnee-avec-sursis-6-mois-de-prison-ferme-pour-les-autres-detenus\/","title":{"rendered":"Yasmine Dahmani condamn\u00e9e avec sursis, 6 mois de prison ferme pour les autres d\u00e9tenus"},"content":{"rendered":"<div id=\"originalText\" readability=\"30.0366748166\">\n<p>Le tribunal de Sidi M\u2019hamed, \u00e0 Alger, a condamn\u00e9, ce lundi, \u00e0 2 mois de prison ferme \u00a0et 4 mois avec sursis l\u2019\u00e9tudiante Nour El Houda Yasmine Dahmani, et six mois de prison ferme avec 20\u00a0000 da d\u2019amende pour les 19 autres d\u00e9tenus.<\/p>\n<p>Pour rappel, <a href=\"https:\/\/www.liberte-algerie.com\/actualite\/le-parquet-de-sidi-mhamed-requiert-2-ans-de-prison-pour-les-20-detenus-dopinion-328318\" target=\"_blank\" rel=\"noopener noreferrer\"><span class=\"c6\">le procureur avait requis, lundi pass\u00e9,<\/span><span class=\"c7\">\u00a0deux ans de prison ferme et 100\u00a0000 da d\u2019amende \u00e0 l\u2019encontre des 20 d\u00e9tenus d\u2019opinion<\/span><\/a>.<\/p>\n<p><iframe loading=\"lazy\" allow=\"accelerometer; autoplay; encrypted-media; gyroscope; picture-in-picture\" allowfullscreen=\"\" frameborder=\"0\" height=\"315\" src=\"https:\/\/www.youtube.com\/embed\/7LjKDhSDs2g\" width=\"560\">[embedded content]<\/iframe><\/p>\n<p class=\"c8\"><strong>Sihem Benmalek<\/strong><\/p>\n<\/div>\n<div id=\"text_core\" readability=\"30.0366748166\">\n<p>Le tribunal de Sidi M\u2019hamed, \u00e0 Alger, a condamn\u00e9, ce lundi, \u00e0 2 mois de prison ferme \u00a0et 4 mois avec sursis l\u2019\u00e9tudiante Nour El Houda Yasmine Dahmani, et six mois de prison ferme avec 20\u00a0000 da d\u2019amende pour les 19 autres d\u00e9tenus.<\/p>\n<p>Pour rappel, <a href=\"https:\/\/www.liberte-algerie.com\/actualite\/le-parquet-de-sidi-mhamed-requiert-2-ans-de-prison-pour-les-20-detenus-dopinion-328318\" target=\"_blank\" rel=\"noopener noreferrer\"><span class=\"c6\">le procureur avait requis, lundi pass\u00e9,<\/span><span class=\"c7\">\u00a0deux ans de prison ferme et 100\u00a0000 da d\u2019amende \u00e0 l\u2019encontre des 20 d\u00e9tenus d\u2019opinion<\/span><\/a>.<\/p>\n<p><iframe loading=\"lazy\" allow=\"accelerometer; autoplay; encrypted-media; gyroscope; picture-in-picture\" allowfullscreen=\"\" frameborder=\"0\" height=\"315\" src=\"https:\/\/www.youtube.com\/embed\/7LjKDhSDs2g\" width=\"560\">[embedded content]<\/iframe><\/p>\n<p class=\"c8\"><strong>Sihem Benmalek<\/strong><\/p>\n<\/div>\n<p>Auteur:<br \/>\n<a href=\"https:\/\/www.liberte-algerie.com\/actualite\/yasmine-dahmani-condamnee-avec-sursis-6-mois-de-prison-ferme-pour-les-autres-detenus-328820\">Cliquez ici pour lire l&rsquo;article depuis sa source.<\/a><\/p>\n","protected":false},"excerpt":{"rendered":"<p>Le tribunal de Sidi M\u2019hamed, \u00e0 Alger, a condamn\u00e9, ce lundi, \u00e0 2 mois de prison ferme \u00a0et 4 mois avec sursis l\u2019\u00e9tudiante Nour El Houda Yasmine Dahmani, et six mois de prison ferme avec 20\u00a0000 da d\u2019amende pour les 19 autres d\u00e9tenus. Pour rappel, le procureur avait requis, lundi pass\u00e9,\u00a0deux ans de prison ferme [&hellip;]<\/p>\n","protected":false},"author":1742,"featured_media":0,"comment_status":"closed","ping_status":"closed","sticky":false,"template":"","format":"standard","meta":{"fifu_image_url":"","fifu_image_alt":"","footnotes":""},"categories":[73,53],"tags":[],"class_list":["post-68502","post","type-post","status-publish","format-standard","hentry","category-actualite","category-algerie"],"_links":{"self":[{"href":"https:\/\/linitiative.ca\/International\/wp-json\/wp\/v2\/posts\/68502","targetHints":{"allow":["GET"]}}],"collection":[{"href":"https:\/\/linitiative.ca\/International\/wp-json\/wp\/v2\/posts"}],"about":[{"href":"https:\/\/linitiative.ca\/International\/wp-json\/wp\/v2\/types\/post"}],"author":[{"embeddable":true,"href":"https:\/\/linitiative.ca\/International\/wp-json\/wp\/v2\/users\/1742"}],"replies":[{"embeddable":true,"href":"https:\/\/linitiative.ca\/International\/wp-json\/wp\/v2\/comments?post=68502"}],"version-history":[{"count":0,"href":"https:\/\/linitiative.ca\/International\/wp-json\/wp\/v2\/posts\/68502\/revisions"}],"wp:attachment":[{"href":"https:\/\/linitiative.ca\/International\/wp-json\/wp\/v2\/media?parent=68502"}],"wp:term":[{"taxonomy":"category","embeddable":true,"href":"https:\/\/linitiative.ca\/International\/wp-json\/wp\/v2\/categories?post=68502"},{"taxonomy":"post_tag","embeddable":true,"href":"https:\/\/linitiative.ca\/International\/wp-json\/wp\/v2\/tags?post=68502"}],"curies":[{"name":"wp","href":"https:\/\/api.w.org\/{rel}","templated":true}]}}