{"id":68505,"date":"2019-11-24T15:51:11","date_gmt":"2019-11-24T20:51:11","guid":{"rendered":"https:\/\/linitiative.ca\/International\/cloture-dun-projet-socio-culturel-dedie-aux-jeunes\/"},"modified":"2019-11-24T15:51:11","modified_gmt":"2019-11-24T20:51:11","slug":"cloture-dun-projet-socio-culturel-dedie-aux-jeunes","status":"publish","type":"post","link":"https:\/\/linitiative.ca\/International\/cloture-dun-projet-socio-culturel-dedie-aux-jeunes\/","title":{"rendered":"Cl\u00f4ture d\u2019un projet socio-culturel d\u00e9di\u00e9 aux jeunes"},"content":{"rendered":"<div readability=\"36\">\n<p>Marrakech \u2013 La c\u00e9r\u00e9monie de cl\u00f4ture et de couronnement du projet \u00ab\u00a0animation socio-culturelle et sportive au profit des jeunes de Marrakech\u00a0\u00bb a eu lieu dimanche, \u00e0 la Maison des jeunes Arset Lhamed \u00e0 Marrakech, en pr\u00e9sence des enfants et jeunes b\u00e9n\u00e9ficiaires.<\/p>\n<\/div>\n<div readability=\"91\">\n<p>Port\u00e9 par le Centre de d\u00e9veloppement de la r\u00e9gion du Tensift (CDRT) en partenariat et le soutien du Minist\u00e8re de la culture, de la Jeunesse et des Sports, ce projet vise \u00e0 renforcer l\u2019ouverture des espaces relevant du minist\u00e8re de la culture, de la jeunesse et des sports sur les associations et organisations de la jeunesse et de l\u2019enfance et \u00e0 cr\u00e9er une dynamique d\u2019animation au sein de ces espaces.<\/p>\n<p>Le projet comportait l\u2019organisation de manifestations culturelles, environnementales et sportives au profit des jeunes de la ville et de la r\u00e9gion, des concours artistiques et sportives, l\u2019exposition des \u0153uvres cr\u00e9atives des jeunes et des tournois dans les sports collectifs et individuels.<\/p>\n<p>Ce programme vise \u00e0 inculquer les valeurs et les comportements positifs aupr\u00e8s des jeunes, assurer une int\u00e9gration effective des jeunes au sein de la soci\u00e9t\u00e9, \u00e9loigner les jeunes de pratiques n\u00e9gatives (drogues, violence, extr\u00e9misme entre autres), donner l\u2019occasion aux jeunes pour se confirmer et mettre en relief leurs potentialit\u00e9s culturelles, artistiques et sportives.<\/p>\n<p>Le programme, \u00e9tal\u00e9 sur une ann\u00e9e, comportait des animations dans le th\u00e9\u00e2tre, la musique, la peinture et la lecture au profit de jeunes et des enfants des \u00e9tablissements scolaires de la ville de Marrakech.<\/p>\n<p>Ce projet, auquel ont contribu\u00e9 les \u00e9tablissements scolaires et les maisons de jeunes, a b\u00e9n\u00e9fici\u00e9 \u00e0 plus de 240 jeunes et enfants, dont 120 filles,\u00a0qui \u00e9taient encadr\u00e9s par plus de 30 cadres \u00e9ducatifs.<\/p>\n<p>Le programme de cette c\u00e9r\u00e9monie de cl\u00f4ture a \u00e9t\u00e9 marqu\u00e9 par la remise de prix aux clubs et \u00e9quipes gagnants dans les tournois de football et de basket-ball.<\/p>\n<p>Lors de cette c\u00e9r\u00e9monie, il a \u00e9t\u00e9 proc\u00e9d\u00e9 \u00e0 la pr\u00e9sentation du num\u00e9ro 2 de la \u00ab\u00a0Revue \u00e9ducative Ait Daoud\u00a0\u00bb, dont la publication rentre dans le cadre de ce projet.<\/p>\n<p>Ce 2\u00e8me num\u00e9ro a \u00e9t\u00e9 consacr\u00e9 au dossier de \u00ab\u00a0l\u2019eau et l\u2019agriculture \u00e9cologique dans la r\u00e9gion Marrakech-Safi\u00a0\u00bb.<\/p>\n<p>Cr\u00e9\u00e9 en 1998, le CDRT est une organisation non gouvernementale qui a pour vocation de contribuer au d\u00e9veloppement de la r\u00e9gion Marrakech-Safi.<\/p>\n<p>Il se propose d\u2019\u00eatre un cadre organis\u00e9 d\u2019initiatives, ainsi qu\u2019un espace de r\u00e9flexion et d\u2019accompagnement des politiques r\u00e9gionales de d\u00e9veloppement.<\/p>\n<\/div>\n<p>Auteur: Meriem IGASS<br \/>\n<a href=\"http:\/\/www.mapmarrakech.ma\/fr\/projet-2\/\">Cliquez ici pour lire l&rsquo;article depuis sa source.<\/a><\/p>\n","protected":false},"excerpt":{"rendered":"<p>Marrakech \u2013 La c\u00e9r\u00e9monie de cl\u00f4ture et de couronnement du projet \u00ab\u00a0animation socio-culturelle et sportive au profit des jeunes de Marrakech\u00a0\u00bb a eu lieu dimanche, \u00e0 la Maison des jeunes Arset Lhamed \u00e0 Marrakech, en pr\u00e9sence des enfants et jeunes b\u00e9n\u00e9ficiaires. Port\u00e9 par le Centre de d\u00e9veloppement de la r\u00e9gion du Tensift (CDRT) en partenariat [&hellip;]<\/p>\n","protected":false},"author":1788,"featured_media":0,"comment_status":"closed","ping_status":"closed","sticky":false,"template":"","format":"standard","meta":{"fifu_image_url":"","fifu_image_alt":"","footnotes":""},"categories":[54,76],"tags":[],"class_list":["post-68505","post","type-post","status-publish","format-standard","hentry","category-maroc","category-regions"],"_links":{"self":[{"href":"https:\/\/linitiative.ca\/International\/wp-json\/wp\/v2\/posts\/68505","targetHints":{"allow":["GET"]}}],"collection":[{"href":"https:\/\/linitiative.ca\/International\/wp-json\/wp\/v2\/posts"}],"about":[{"href":"https:\/\/linitiative.ca\/International\/wp-json\/wp\/v2\/types\/post"}],"author":[{"embeddable":true,"href":"https:\/\/linitiative.ca\/International\/wp-json\/wp\/v2\/users\/1788"}],"replies":[{"embeddable":true,"href":"https:\/\/linitiative.ca\/International\/wp-json\/wp\/v2\/comments?post=68505"}],"version-history":[{"count":0,"href":"https:\/\/linitiative.ca\/International\/wp-json\/wp\/v2\/posts\/68505\/revisions"}],"wp:attachment":[{"href":"https:\/\/linitiative.ca\/International\/wp-json\/wp\/v2\/media?parent=68505"}],"wp:term":[{"taxonomy":"category","embeddable":true,"href":"https:\/\/linitiative.ca\/International\/wp-json\/wp\/v2\/categories?post=68505"},{"taxonomy":"post_tag","embeddable":true,"href":"https:\/\/linitiative.ca\/International\/wp-json\/wp\/v2\/tags?post=68505"}],"curies":[{"name":"wp","href":"https:\/\/api.w.org\/{rel}","templated":true}]}}