{"id":68506,"date":"2019-11-25T08:55:52","date_gmt":"2019-11-25T13:55:52","guid":{"rendered":"https:\/\/linitiative.ca\/International\/ouverture-de-la-4e-reunion-des-chefs-de-police-du-mena\/"},"modified":"2019-11-25T08:55:52","modified_gmt":"2019-11-25T13:55:52","slug":"ouverture-de-la-4e-reunion-des-chefs-de-police-du-mena","status":"publish","type":"post","link":"https:\/\/linitiative.ca\/International\/ouverture-de-la-4e-reunion-des-chefs-de-police-du-mena\/","title":{"rendered":"Ouverture de la 4\u00e8 r\u00e9union des Chefs de police du MENA"},"content":{"rendered":"<div readability=\"40\">\n<p>Marrakech \u2013 Les travaux de la 4\u00e8me r\u00e9union des Chefs de police du Moyen Orient et d\u2019Afrique du Nord, ainsi que ceux des Iles Comores, de Djibouti, du Soudan, de la Somalie et de la Mauritanie, ont \u00e9t\u00e9 ouverts, lundi \u00e0 Marrakech.<\/p>\n<\/div>\n<div readability=\"99\">\n<p>Cette r\u00e9union de deux jours, qui se tient pour la premi\u00e8re fois en dehors du Quartier g\u00e9n\u00e9ral de l\u2019Organisation Internationale de police criminelle (Interpol) bas\u00e9 \u00e0 Lyon, examinera les moyens et les m\u00e9canismes \u00e0 mettre en oeuvre pour renforcer davantage la coop\u00e9ration entre l\u2019Interpol et les services de police des pays participants.<\/p>\n<p>Elle s\u2019inscrit aussi dans la continuit\u00e9 des pr\u00e9c\u00e9dentes r\u00e9unions des Chefs de police du Moyen Orient et d\u2019Afrique du Nord et ceux des Iles Comores, de Djibouti, du Soudan, de la Somalie et de la Mauritanie, et devra asseoir de nouvelles bases d\u2019\u00e9change et de partenariat et aboutir \u00e0 des recommandations constructives pour relever ensemble les diff\u00e9rents d\u00e9fis s\u00e9curitaires auxquels sont confront\u00e9s ces Etats.<\/p>\n<p>Cette r\u00e9union, rehauss\u00e9e notamment par la pr\u00e9sence de MM. Mohamed Dkhissi, Directeur central de la Police Judiciaire et Chef du bureau d\u2019Interpol \u00e0 Rabat, J\u00fcrgen Stock, Secr\u00e9taire g\u00e9n\u00e9ral d\u2019Interpol, et Mohamed Ben Ali Koman, secr\u00e9taire g\u00e9n\u00e9ral du Conseil des ministres arabes de l\u2019Int\u00e9rieur, devra, en outre, consolider une coop\u00e9ration commune int\u00e9gr\u00e9e et harmonieuse, \u00e0 m\u00eame de r\u00e9unir toutes les conditions n\u00e9cessaires \u00e0 la pr\u00e9servation de la paix et de la s\u00e9curit\u00e9 et \u00e0 la lutte contre le terrorisme, l\u2019extr\u00e9misme et la criminalit\u00e9 transfrontali\u00e8re.<\/p>\n<p>Elle repr\u00e9sente, dans ce cadre, une plateforme idoine pour instaurer un dialogue continu et fructueux entre les institutions s\u00e9curitaires dans ces pays et jeter les bases d\u2019un culture de coop\u00e9ration r\u00e9guli\u00e8re entre elles.<\/p>\n<p>Cette r\u00e9union se veut un nouveau jalon dans l\u2019optique du raffermissement des liens de coop\u00e9ration et de l\u2019\u00e9laboration de plans et strat\u00e9gies plus d\u00e9velopp\u00e9s d\u00e9di\u00e9s \u00e0 l\u2019action s\u00e9curitaire commune et ce, au prisme des enjeux s\u00e9curitaires actuels auxquels sont confront\u00e9s les pays de la r\u00e9gion.<\/p>\n<p>La s\u00e9ance d\u2019ouverture de cette R\u00e9union d\u2019envergure a \u00e9t\u00e9 marqu\u00e9e par la projection de deux films institutionnels. Le premier a \u00e9t\u00e9 consacr\u00e9 \u00e0 la mise en lumi\u00e8re du progr\u00e8s remarquable r\u00e9alis\u00e9 par le Maroc, pays de paix et de tol\u00e9rance, dans divers domaines, y compris celui s\u00e9curitaire, notamment les efforts inlassables d\u00e9ploy\u00e9s par la Direction G\u00e9n\u00e9rale de la S\u00fbret\u00e9 Nationale (DGSN) en mati\u00e8re de modernisation de ses services, de renforcement de la gouvernance s\u00e9curitaire ainsi que de ses comp\u00e9tences pour assurer une performance durable de son personnel, outre les actions men\u00e9es pour lutter efficacement contre le terrorisme, l\u2019extr\u00e9misme et le crime organis\u00e9, selon une approche proactive et efficiente.<\/p>\n<p>Quant au second, il a mis en avant le r\u00f4le ainsi que les missions d\u00e9volues \u00e0 l\u2019Interpol depuis sa cr\u00e9ation en 1923 et son appui constant aux services de police des pays membres de l\u2019Organisation pour la promotion de la coop\u00e9ration polici\u00e8re internationale et la lutte contre les diverses formes de criminalit\u00e9 dans diff\u00e9rentes r\u00e9gions du monde.<\/p>\n<p>L\u2019ouverture des travaux de cette r\u00e9union a \u00e9t\u00e9 ponctu\u00e9e \u00e9galement par l\u2019observation d\u2019une minute de silence \u00e0 la m\u00e9moire des fonctionnaires des services de police \u00e0 travers le monde, qui ont perdu leur vie en accomplissant leur noble mission de protection des citoyens et de pr\u00e9servation de la paix et de la s\u00e9curit\u00e9.<\/p>\n<\/div>\n<p>Auteur: Meriem IGASS<br \/>\n<a href=\"http:\/\/www.mapmarrakech.ma\/fr\/police-2\/\">Cliquez ici pour lire l&rsquo;article depuis sa source.<\/a><\/p>\n","protected":false},"excerpt":{"rendered":"<p>Marrakech \u2013 Les travaux de la 4\u00e8me r\u00e9union des Chefs de police du Moyen Orient et d\u2019Afrique du Nord, ainsi que ceux des Iles Comores, de Djibouti, du Soudan, de la Somalie et de la Mauritanie, ont \u00e9t\u00e9 ouverts, lundi \u00e0 Marrakech. Cette r\u00e9union de deux jours, qui se tient pour la premi\u00e8re fois en [&hellip;]<\/p>\n","protected":false},"author":1788,"featured_media":0,"comment_status":"closed","ping_status":"closed","sticky":false,"template":"","format":"standard","meta":{"fifu_image_url":"","fifu_image_alt":"","footnotes":""},"categories":[54,76],"tags":[],"class_list":["post-68506","post","type-post","status-publish","format-standard","hentry","category-maroc","category-regions"],"_links":{"self":[{"href":"https:\/\/linitiative.ca\/International\/wp-json\/wp\/v2\/posts\/68506","targetHints":{"allow":["GET"]}}],"collection":[{"href":"https:\/\/linitiative.ca\/International\/wp-json\/wp\/v2\/posts"}],"about":[{"href":"https:\/\/linitiative.ca\/International\/wp-json\/wp\/v2\/types\/post"}],"author":[{"embeddable":true,"href":"https:\/\/linitiative.ca\/International\/wp-json\/wp\/v2\/users\/1788"}],"replies":[{"embeddable":true,"href":"https:\/\/linitiative.ca\/International\/wp-json\/wp\/v2\/comments?post=68506"}],"version-history":[{"count":0,"href":"https:\/\/linitiative.ca\/International\/wp-json\/wp\/v2\/posts\/68506\/revisions"}],"wp:attachment":[{"href":"https:\/\/linitiative.ca\/International\/wp-json\/wp\/v2\/media?parent=68506"}],"wp:term":[{"taxonomy":"category","embeddable":true,"href":"https:\/\/linitiative.ca\/International\/wp-json\/wp\/v2\/categories?post=68506"},{"taxonomy":"post_tag","embeddable":true,"href":"https:\/\/linitiative.ca\/International\/wp-json\/wp\/v2\/tags?post=68506"}],"curies":[{"name":"wp","href":"https:\/\/api.w.org\/{rel}","templated":true}]}}