{"id":68508,"date":"2019-11-25T11:18:19","date_gmt":"2019-11-25T16:18:19","guid":{"rendered":"https:\/\/linitiative.ca\/International\/securite-plaidoyer-pour-la-cooperation-transnationale\/"},"modified":"2019-11-25T11:18:19","modified_gmt":"2019-11-25T16:18:19","slug":"securite-plaidoyer-pour-la-cooperation-transnationale","status":"publish","type":"post","link":"https:\/\/linitiative.ca\/International\/securite-plaidoyer-pour-la-cooperation-transnationale\/","title":{"rendered":"S\u00e9curit\u00e9: Plaidoyer pour la coop\u00e9ration transnationale"},"content":{"rendered":"<div readability=\"39\">\n<p>Marrakech \u2013 Le Secr\u00e9taire g\u00e9n\u00e9ral de l\u2019Organisation Internationale de police criminelle (Interpol), J\u00fcrgen Stock, a plaid\u00e9, lundi \u00e0 Marrakech, en faveur du renforcement de la coop\u00e9ration transnationale en vue de relever les d\u00e9fis s\u00e9curitaires majeurs auxquels sont confront\u00e9s les pays membres de l\u2019Organisation.<\/p>\n<\/div>\n<div readability=\"162\">\n<p>Intervenant \u00e0 l\u2019ouverture des travaux de la 4\u00e8 r\u00e9union des Chefs de police du Moyen Orient et d\u2019Afrique du Nord, ainsi que des Iles Comores, de Djibouti, du Soudan, de la Somalie et de la Mauritanie, M. Stock a soulign\u00e9 l\u2019importance de favoriser l\u2019\u00e9change des exp\u00e9riences, des expertises et des renseignements en vue d\u2019asseoir les bases d\u2019une coop\u00e9ration s\u00e9curitaire collective, efficace et efficiente.<\/p>\n<p>Apr\u00e8s avoir mis l\u2019accent sur la situation s\u00e9curitaire dans la r\u00e9gion MENA et les sp\u00e9cificit\u00e9s intrins\u00e8ques \u00e0 chaque pays de la r\u00e9gion, il a r\u00e9it\u00e9r\u00e9 l\u2019engagement et la d\u00e9termination d\u2019Interpol \u00e0 revoir ses pratiques et \u00e0 les moderniser davantage afin de permettre \u00e0 ces Etats de disposer de moyens efficaces pour consolider leur stabilit\u00e9 et s\u00e9curit\u00e9 et lutter contre toutes les formes de criminalit\u00e9 transnationale.<\/p>\n<p>Se f\u00e9licitant du rapprochement op\u00e9r\u00e9 entre Interpol et les pays de la r\u00e9gion, notamment dans les domaines de l\u2019\u00e9change des renseignements, de la formation et du renforcement des capacit\u00e9s, M. Stock a tenu \u00e0 remercier les pays participants pour leur confiance renouvel\u00e9e en sa personne apr\u00e8s sa reconduite au poste de Secr\u00e9taire g\u00e9n\u00e9ral de cette Organisation.<\/p>\n<p>Il a, ainsi, r\u00e9affirm\u00e9 sa d\u00e9termination \u00e0 ouvrir une nouvelle page de coop\u00e9ration avec les pays participants \u00e0 cette r\u00e9union, \u00e0 maintenir l\u2019\u00e9lan de dialogue, de partenariat et d\u2019\u00e9change autour des questions s\u00e9curitaires strat\u00e9giques et \u00e0 explorer les diff\u00e9rentes perspectives et voies possibles pour une coop\u00e9ration plus \u00e9troite.<\/p>\n<p>\u00ab\u00a0Interpol ne l\u00e9sinera pas sur les moyens pour l\u2019\u00e9mergence d\u2019une architecture polici\u00e8re renforc\u00e9e \u00e0 travers le monde\u00a0\u00bb, a-t-il soutenu, avant de relever que la consolidation de la base de donn\u00e9es collectives demeure \u00ab\u00a0tr\u00e8s cruciale\u00a0\u00bb pour la lutte contre les diff\u00e9rentes formes de criminalit\u00e9 transnationale.<\/p>\n<p>Et de poursuivre qu\u2019Interpol travaille sans rel\u00e2che pour que ces donn\u00e9es soient partag\u00e9es \u00e0 grande \u00e9chelle entre les pays membres, tout en tenant compte des pr\u00e9occupations et sp\u00e9cificit\u00e9s propres \u00e0 chaque Etat, notamment ceux de la r\u00e9gion MENA.<\/p>\n<p>M. Stock a, par ailleurs, exprim\u00e9 ses vifs remerciements et sa profonde gratitude au Maroc et \u00e0 SM le Roi Mohammed VI pour la tenue de cette 4\u00e8me r\u00e9union \u00e0 Marrakech, ainsi que pour les efforts inlassables d\u00e9ploy\u00e9s par le Royaume pour la promotion de la paix, la pr\u00e9servation de la stabilit\u00e9 et la consolidation de la s\u00e9curit\u00e9 aux plans r\u00e9gional et international.<\/p>\n<p>De son c\u00f4t\u00e9, le secr\u00e9taire g\u00e9n\u00e9ral du Conseil des ministres arabes de l\u2019Int\u00e9rieur, Mohamed Ben Ali Koman, a tenu \u00e0 faire part de sa gratitude et de sa reconnaissance \u00e0 SM le Roi pour l\u2019int\u00e9r\u00eat particulier que le Souverain ne cesse d\u2019accorder \u00e0 la d\u00e9fense des causes arabes et \u00e0 la consolidation de la paix et de la s\u00e9curit\u00e9 \u00e0 l\u2019\u00e9chelle mondiale, ainsi pour Son appui permanent \u00e0 la promotion et au renforcement de l\u2019action s\u00e9curitaire arabe commune.<\/p>\n<p>M. Ali Koman a aussi salu\u00e9 le soutien constant du minist\u00e8re marocain de l\u2019Int\u00e9rieur et de la Direction G\u00e9n\u00e9rale de la S\u00fbret\u00e9 Nationale (DGSN) \u00e0 l\u2019action du Secr\u00e9tariat g\u00e9n\u00e9ral du Conseil et \u00e0 la consolidation de la coordination entre les structures dudit conseil, tout en f\u00e9licitant M. Stock pour la confiance renouvel\u00e9e en sa personne en tant que secr\u00e9taire g\u00e9n\u00e9ral d\u2019Interpol.<\/p>\n<p>\u00ab\u00a0Le conseil des ministres arabes de l\u2019Int\u00e9rieur salue ce choix r\u00e9ussi, vu les efforts et l\u2019action men\u00e9s par M. Stock pour le raffermissement de la coop\u00e9ration entre Interpol et le monde arabe\u00a0\u00bb, a-t-il dit, citant, dans ce sens, la mise en place d\u2019un bureau d\u2019Interpol pour la r\u00e9gion MENA et l\u2019organisation de cette r\u00e9union dans la cit\u00e9 ocre pour favoriser l\u2019\u00e9change des points de vue entre les responsables de cette Organisation internationale et les Chefs de police des pays participants.<\/p>\n<p>Cette d\u00e9marche d\u2019Interpol d\u00e9coule de sa prise de conscience de l\u2019ampleur des d\u00e9fis et enjeux s\u00e9curitaires auxquels la r\u00e9gion MENA doit faire face et illustre les aspirations des services de police des pays arabes \u00e0 une action commune efficace en la mati\u00e8re, a-t-il poursuivi.<\/p>\n<p>M. Ali Koman a, en outre, lou\u00e9 les consultations men\u00e9es par Interpol pour mettre sur pied une architecture polici\u00e8re internationale, qui sera le fruit des contributions et d\u2019une vision partag\u00e9e de l\u2019ensemble des services de police des pays membres de l\u2019Organisation.<\/p>\n<p>Il a, par ailleurs, mis l\u2019accent sur les grands pas franchis dans le domaine de la coop\u00e9ration entre le Conseil des ministres arabes de l\u2019Int\u00e9rieur et Interpol, tout en \u00e9mettant le voeu de voir ce partenariat se raffermir davantage pour aller de l\u2019avant dans la lutte contre les menaces s\u00e9curitaires actuelles et \u00e9mergentes.<\/p>\n<p>Cette coop\u00e9ration a permis de r\u00e9aliser de grands acquis dans le domaine s\u00e9curitaire, s\u2019est r\u00e9joui M. Koman, insistant sur l\u2019importance de favoriser un meilleur acc\u00e8s \u00e0 la base de donn\u00e9es d\u2019Interpol afin de permettre aux services de police des pays concern\u00e9s de s\u2019acquitter de leurs missions avec c\u00e9l\u00e9rit\u00e9, efficacit\u00e9 et efficience.<\/p>\n<p>Cette r\u00e9union de deux jours, qui se tient pour la premi\u00e8re fois en dehors du Quartier g\u00e9n\u00e9ral d\u2019Interpol, bas\u00e9 \u00e0 Lyon, devra asseoir de nouvelles bases d\u2019\u00e9change et de partenariat et aboutir \u00e0 des recommandations constructives pour relever ensemble les diff\u00e9rents d\u00e9fis s\u00e9curitaires auxquels sont confront\u00e9s les Etats participants.<\/p>\n<p>Elle permettra, en outre, de consolider une coop\u00e9ration commune int\u00e9gr\u00e9e et harmonieuse, \u00e0 m\u00eame de r\u00e9unir toutes les conditions n\u00e9cessaires \u00e0 la pr\u00e9servation de la paix et de la s\u00e9curit\u00e9 et \u00e0 la lutte contre le terrorisme, l\u2019extr\u00e9misme et la criminalit\u00e9 transfrontali\u00e8re.<\/p>\n<p>Cette r\u00e9union se veut aussi un nouveau jalon dans l\u2019optique du raffermissement des liens de coop\u00e9ration et de l\u2019\u00e9laboration de plans et strat\u00e9gies plus d\u00e9velopp\u00e9s d\u00e9di\u00e9s \u00e0 l\u2019action s\u00e9curitaire commune et ce, au prisme des enjeux s\u00e9curitaires actuels auxquels sont confront\u00e9s les pays de la r\u00e9gion MENA.<\/p>\n<\/div>\n<p>Auteur: Meriem IGASS<br \/>\n<a href=\"http:\/\/www.mapmarrakech.ma\/fr\/cooperation-3\/\">Cliquez ici pour lire l&rsquo;article depuis sa source.<\/a><\/p>\n","protected":false},"excerpt":{"rendered":"<p>Marrakech \u2013 Le Secr\u00e9taire g\u00e9n\u00e9ral de l\u2019Organisation Internationale de police criminelle (Interpol), J\u00fcrgen Stock, a plaid\u00e9, lundi \u00e0 Marrakech, en faveur du renforcement de la coop\u00e9ration transnationale en vue de relever les d\u00e9fis s\u00e9curitaires majeurs auxquels sont confront\u00e9s les pays membres de l\u2019Organisation. Intervenant \u00e0 l\u2019ouverture des travaux de la 4\u00e8 r\u00e9union des Chefs de [&hellip;]<\/p>\n","protected":false},"author":1788,"featured_media":0,"comment_status":"closed","ping_status":"closed","sticky":false,"template":"","format":"standard","meta":{"fifu_image_url":"","fifu_image_alt":"","footnotes":""},"categories":[54,76],"tags":[],"class_list":["post-68508","post","type-post","status-publish","format-standard","hentry","category-maroc","category-regions"],"_links":{"self":[{"href":"https:\/\/linitiative.ca\/International\/wp-json\/wp\/v2\/posts\/68508","targetHints":{"allow":["GET"]}}],"collection":[{"href":"https:\/\/linitiative.ca\/International\/wp-json\/wp\/v2\/posts"}],"about":[{"href":"https:\/\/linitiative.ca\/International\/wp-json\/wp\/v2\/types\/post"}],"author":[{"embeddable":true,"href":"https:\/\/linitiative.ca\/International\/wp-json\/wp\/v2\/users\/1788"}],"replies":[{"embeddable":true,"href":"https:\/\/linitiative.ca\/International\/wp-json\/wp\/v2\/comments?post=68508"}],"version-history":[{"count":0,"href":"https:\/\/linitiative.ca\/International\/wp-json\/wp\/v2\/posts\/68508\/revisions"}],"wp:attachment":[{"href":"https:\/\/linitiative.ca\/International\/wp-json\/wp\/v2\/media?parent=68508"}],"wp:term":[{"taxonomy":"category","embeddable":true,"href":"https:\/\/linitiative.ca\/International\/wp-json\/wp\/v2\/categories?post=68508"},{"taxonomy":"post_tag","embeddable":true,"href":"https:\/\/linitiative.ca\/International\/wp-json\/wp\/v2\/tags?post=68508"}],"curies":[{"name":"wp","href":"https:\/\/api.w.org\/{rel}","templated":true}]}}