{"id":68509,"date":"2019-11-25T13:20:48","date_gmt":"2019-11-25T18:20:48","guid":{"rendered":"https:\/\/linitiative.ca\/International\/4e-reunion-un-appui-a-la-cooperation-securitaire\/"},"modified":"2019-11-25T13:20:48","modified_gmt":"2019-11-25T18:20:48","slug":"4e-reunion-un-appui-a-la-cooperation-securitaire","status":"publish","type":"post","link":"https:\/\/linitiative.ca\/International\/4e-reunion-un-appui-a-la-cooperation-securitaire\/","title":{"rendered":"4\u00e8 r\u00e9union, un appui \u00e0 la coop\u00e9ration s\u00e9curitaire"},"content":{"rendered":"<div readability=\"47\">\n<p>Marrakech \u2013 La 4\u00e8me r\u00e9union des Chefs de police du Moyen Orient et d\u2019Afrique du Nord, ainsi que des Iles Comores, de Djibouti, du Soudan, de la Somalie et de la Mauritanie, qui se tient \u00e0 Marrakech, apportera un appui consid\u00e9rable aux efforts visant le d\u00e9veloppement des liens de coop\u00e9ration s\u00e9curitaire, ont soulign\u00e9, lundi, le Directeur central de la Police Judiciaire, Mohamed Dkhissi, et le Secr\u00e9taire g\u00e9n\u00e9ral d\u2019Interpol, J\u00fcrgen Stock.<\/p>\n<\/div>\n<div readability=\"99\">\n<p>Lors d\u2019un point de presse organis\u00e9 au terme de la s\u00e9ance d\u2019ouverture de cette r\u00e9union de deux jours, les deux responsables ont \u00e9t\u00e9 unanimes \u00e0 reconna\u00eetre que les institutions polici\u00e8res des Etats participants constituent une partie int\u00e9grante du m\u00e9canisme de coordination et de coop\u00e9ration internationale, relevant, par la m\u00eame occasion, l\u2019importance du principe de la s\u00e9curit\u00e9 collective.<\/p>\n<p>A cette occasion, M. Dkhissi, \u00e9galement Chef du Bureau d\u2019Interpol \u00e0 Rabat, a mis en relief les grandes r\u00e9alisations accomplies dans le cadre de l\u2019exp\u00e9rience s\u00e9curitaire pionni\u00e8re du Maroc, \u00e0 la faveur d\u2019op\u00e9rations proactives ayant contribu\u00e9 \u00e0 la mise en \u00e9chec de plusieurs projets terroristes et criminels et \u00e0 la lutte contre les diff\u00e9rentes formes de criminalit\u00e9.<\/p>\n<p>Ces r\u00e9alisations remarquables, a-t-il poursuivi, ont valu au Royaume une grande reconnaissance de la part de la communaut\u00e9 internationale.<\/p>\n<p>Tout en rappelant l\u2019adh\u00e9sion du Maroc \u00e0 Interpol depuis 62 ans, M. Dkhissi a expliqu\u00e9 que cela t\u00e9moigne de la vision perspicace du Royaume en mati\u00e8re de coop\u00e9ration internationale et de sa d\u00e9termination sans faille \u00e0 soutenir les efforts de la communaut\u00e9 des nations dans la lutte contre les diff\u00e9rentes formes du crime organis\u00e9 et \u00e0 respecter ses engagements internationaux en la mati\u00e8re dans le cadre d\u2019un partenariat \u00ab\u00a0gagnant-gagnant\u00a0\u00bb.<\/p>\n<p>Et de noter que cette r\u00e9union offre \u00e9galement l\u2019opportunit\u00e9 aux pays participants d\u2019intensifier et de densifier la coop\u00e9ration interarabe et multipartite, \u00e0 travers l\u2019Interpol, tout en d\u00e9battant de questions strat\u00e9giques et s\u00e9curitaires d\u2019actualit\u00e9 et en tirant profit des grands succ\u00e8s r\u00e9alis\u00e9s dans le cadre de l\u2019exp\u00e9rience s\u00e9curitaire du Royaume.<\/p>\n<p>De son c\u00f4t\u00e9, M. Stock a salu\u00e9 la tenue de cette r\u00e9union \u00e0 Marrakech, ville qui a eu le privil\u00e8ge d\u2019abriter en octobre 2007 la 76\u00e8 session de l\u2019Assembl\u00e9e g\u00e9n\u00e9rale d\u2019Interpol, ce qui t\u00e9moigne de la confiance dont jouit le Maroc au sein de la communaut\u00e9 des Nations et illustre, si besoin est, l\u2019engagement infaillible du Royaume dans le domaine de la lutte contre le terrorisme, l\u2019extr\u00e9misme et le crime organis\u00e9 transfrontalier.<\/p>\n<p>Il a, en outre, fait remarquer que la coop\u00e9ration entre Interpol et les pays membres se poursuit \u00e0 une cadence soutenue pour fournir aux services de police de chaque Etat des donn\u00e9es et des renseignements pr\u00e9cis et actualis\u00e9s en permanence, \u00e0 m\u00eame de leur permettre de mener des op\u00e9rations proactives avec toute la c\u00e9l\u00e9rit\u00e9 et l\u2019efficacit\u00e9 requises.<\/p>\n<p>Et M. Stock de faire observer que face \u00e0 la mondialisation de la criminalit\u00e9, aucun Etat pris individuellement ne sera en mesure de lutter avec efficience contre les facteurs d\u2019instabilit\u00e9 et d\u2019ins\u00e9curit\u00e9, ce qui, a-t-il insist\u00e9, requiert la f\u00e9d\u00e9ration des efforts et la mobilisation collective pour faire face \u00e0 ces menaces.<\/p>\n<p>Dans ce cadre, il a fait part de l\u2019engagement d\u2019Interpol d\u2019apporter toute son expertise et de mobiliser tous les moyens techniques et humains possibles en vue d\u2019assister les services de police des pays membres dans leur combat quotidien contre les diff\u00e9rentes formes de criminalit\u00e9.<\/p>\n<\/div>\n<p>Auteur: Meriem IGASS<br \/>\n<a href=\"http:\/\/www.mapmarrakech.ma\/fr\/cooperation-4\/\">Cliquez ici pour lire l&rsquo;article depuis sa source.<\/a><\/p>\n","protected":false},"excerpt":{"rendered":"<p>Marrakech \u2013 La 4\u00e8me r\u00e9union des Chefs de police du Moyen Orient et d\u2019Afrique du Nord, ainsi que des Iles Comores, de Djibouti, du Soudan, de la Somalie et de la Mauritanie, qui se tient \u00e0 Marrakech, apportera un appui consid\u00e9rable aux efforts visant le d\u00e9veloppement des liens de coop\u00e9ration s\u00e9curitaire, ont soulign\u00e9, lundi, le [&hellip;]<\/p>\n","protected":false},"author":1788,"featured_media":0,"comment_status":"closed","ping_status":"closed","sticky":false,"template":"","format":"standard","meta":{"fifu_image_url":"","fifu_image_alt":"","footnotes":""},"categories":[54,76],"tags":[],"class_list":["post-68509","post","type-post","status-publish","format-standard","hentry","category-maroc","category-regions"],"_links":{"self":[{"href":"https:\/\/linitiative.ca\/International\/wp-json\/wp\/v2\/posts\/68509","targetHints":{"allow":["GET"]}}],"collection":[{"href":"https:\/\/linitiative.ca\/International\/wp-json\/wp\/v2\/posts"}],"about":[{"href":"https:\/\/linitiative.ca\/International\/wp-json\/wp\/v2\/types\/post"}],"author":[{"embeddable":true,"href":"https:\/\/linitiative.ca\/International\/wp-json\/wp\/v2\/users\/1788"}],"replies":[{"embeddable":true,"href":"https:\/\/linitiative.ca\/International\/wp-json\/wp\/v2\/comments?post=68509"}],"version-history":[{"count":0,"href":"https:\/\/linitiative.ca\/International\/wp-json\/wp\/v2\/posts\/68509\/revisions"}],"wp:attachment":[{"href":"https:\/\/linitiative.ca\/International\/wp-json\/wp\/v2\/media?parent=68509"}],"wp:term":[{"taxonomy":"category","embeddable":true,"href":"https:\/\/linitiative.ca\/International\/wp-json\/wp\/v2\/categories?post=68509"},{"taxonomy":"post_tag","embeddable":true,"href":"https:\/\/linitiative.ca\/International\/wp-json\/wp\/v2\/tags?post=68509"}],"curies":[{"name":"wp","href":"https:\/\/api.w.org\/{rel}","templated":true}]}}