{"id":68511,"date":"2019-11-25T10:26:31","date_gmt":"2019-11-25T15:26:31","guid":{"rendered":"https:\/\/linitiative.ca\/International\/fermeture-de-lautoroute-alger-tipasa-dans-les-deux-sens-au-niveau-de-loued-mazafran\/"},"modified":"2019-11-25T10:26:31","modified_gmt":"2019-11-25T15:26:31","slug":"fermeture-de-lautoroute-alger-tipasa-dans-les-deux-sens-au-niveau-de-loued-mazafran","status":"publish","type":"post","link":"https:\/\/linitiative.ca\/International\/fermeture-de-lautoroute-alger-tipasa-dans-les-deux-sens-au-niveau-de-loued-mazafran\/","title":{"rendered":"Fermeture de l\u2019autoroute Alger-Tipasa dans les deux sens, au niveau de l\u2019Oued Mazafran"},"content":{"rendered":"<p><span class=\"sp-nh-title\">Eddalia insiste sur la n\u00e9cessit\u00e9 de la prise en charge des femmes en d\u00e9tresse<\/span> &#8211; <span class=\"sp-nh-date\">lundi 25 novembre 2019 19:37<\/span><\/p>\n<p><span class=\"sp-nh-title\">Appel au vote et lutte contre la violence \u00e0 l&rsquo;\u00e9gard des femmes \u00e9voqu\u00e9s au 9e jour de campagne<\/span> &#8211; <span class=\"sp-nh-date\">lundi 25 novembre 2019 19:27<\/span><\/p>\n<p><span class=\"sp-nh-title\">Un terroriste de nationalit\u00e9 \u00e9trang\u00e8re captur\u00e9 \u00e0 El Oued<\/span> &#8211; <span class=\"sp-nh-date\">lundi 25 novembre 2019 19:13<\/span><\/p>\n<p><span class=\"sp-nh-title\">Mihoubi promet des lois rigoureuses face aux violences faites aux femmes<\/span> &#8211; <span class=\"sp-nh-date\">lundi 25 novembre 2019 19:09<\/span><\/p>\n<p><span class=\"sp-nh-title\">S\u00e9tif: caravane m\u00e9dicale de l\u2019ANP dans les localit\u00e9s recul\u00e9es du Sud de la wilaya<\/span> &#8211; <span class=\"sp-nh-date\">lundi 25 novembre 2019 18:58<\/span><\/p>\n<p><span class=\"sp-nh-title\">Bengrina\u00a0: pas de place en Alg\u00e9rie pour ceux qui veulent s\u00e9parer l&rsquo;arm\u00e9e et le peuple<\/span> &#8211; <span class=\"sp-nh-date\">lundi 25 novembre 2019 18:53<\/span><\/p>\n<p><span class=\"sp-nh-title\">CSM: approbation de 189 recours concernant le dernier mouvement de magistrats<\/span> &#8211; <span class=\"sp-nh-date\">lundi 25 novembre 2019 18:42<\/span><\/p>\n<p><span class=\"sp-nh-title\">Belmehdi: les revendications sociales des imams prises en charge<\/span> &#8211; <span class=\"sp-nh-date\">lundi 25 novembre 2019 18:35<\/span><\/p>\n<p><span class=\"sp-nh-title\">Relations alg\u00e9ro-tunisiennes : Ghannouchi met l&rsquo;accent sur le caract\u00e8re fraternel<\/span> &#8211; <span class=\"sp-nh-date\">lundi 25 novembre 2019 18:25<\/span><\/p>\n<p><span class=\"sp-nh-title\">La femme, \u00e9l\u00e9ment efficace et axial pour le passage \u00e0 une \u00e9conomie circulaire<\/span> &#8211; <span class=\"sp-nh-date\">lundi 25 novembre 2019 18:25<\/span><\/p>\n<p><span class=\"sp-nh-title\">L&rsquo;ANIE salue la position des candidats rejetant toute ing\u00e9rence \u00e9trang\u00e8re dans les affaires internes de l&rsquo;Alg\u00e9rie<\/span> &#8211; <span class=\"sp-nh-date\">lundi 25 novembre 2019 18:10<\/span><\/p>\n<p><span class=\"sp-nh-title\">Pathologies invalidantes des nouveau-n\u00e9s: l&rsquo;h\u00f4pital de Beni Messous recense 3.500 cas\/an<\/span> &#8211; <span class=\"sp-nh-date\">lundi 25 novembre 2019 17:58<\/span><\/p>\n<p><span class=\"sp-nh-title\">La wilaya d&rsquo;Alger pr\u00eate \u00e0 attirer diff\u00e9rents types de tourisme y compris des affaires<\/span> &#8211; <span class=\"sp-nh-date\">lundi 25 novembre 2019 17:36<\/span><\/p>\n<p><span class=\"sp-nh-title\">Commerce: renforcer la coop\u00e9ration alg\u00e9ro-russe par une lev\u00e9e des contraintes<\/span> &#8211; <span class=\"sp-nh-date\">lundi 25 novembre 2019 17:18<\/span><\/p>\n<p><span class=\"sp-nh-title\">Blida: la famille du d\u00e9funt Abdelabasset Bouzar honor\u00e9e par l\u2019association la Radieuse \u00a0<\/span> &#8211; <span class=\"sp-nh-date\">lundi 25 novembre 2019 17:03<\/span><\/p>\n<p><span class=\"sp-nh-title\">SIDA: plus de 3.800 personnes ont b\u00e9n\u00e9fici\u00e9 du d\u00e9pistage pr\u00e9coce dans 3 wilayas<\/span> &#8211; <span class=\"sp-nh-date\">lundi 25 novembre 2019 16:29<\/span><\/p>\n<p><span class=\"sp-nh-title\">Fermeture de l\u2019autoroute Alger-Tipasa dans les deux sens, au niveau de l\u2019Oued Mazafran<\/span> &#8211; <span class=\"sp-nh-date\">lundi 25 novembre 2019 16:26<\/span><\/p>\n<p><span class=\"sp-nh-title\">Lazhari: la programmation par le PE d&rsquo;un d\u00e9bat sur les droits de l&rsquo;homme en Alg\u00e9rie, une tentative de parasitage<\/span> &#8211; <span class=\"sp-nh-date\">lundi 25 novembre 2019 16:19<\/span><\/p>\n<p><span class=\"sp-nh-title\">Le message du 1er novembre, une r\u00e9f\u00e9rence permettant de pr\u00e9server l\u2019unit\u00e9 nationale<\/span> &#8211; <span class=\"sp-nh-date\">lundi 25 novembre 2019 16:12<\/span><\/p>\n<p><span class=\"sp-nh-title\">Pr\u00e9sidentielle: les candidats promettent de nouvelles mesures pour r\u00e9duire la pression fiscale<\/span> &#8211; <span class=\"sp-nh-date\">lundi 25 novembre 2019 15:59<\/span><\/p>\n<p>Auteur:<br \/>\n<a href=\"http:\/\/www.aps.dz\/regions\/98006-fermeture-de-l-autoroute-alger-tipasa-dans-les-deux-sens-au-niveau-de-l-oued-mazafran\">Cliquez ici pour lire l&rsquo;article depuis sa source.<\/a><\/p>\n","protected":false},"excerpt":{"rendered":"<p>Eddalia insiste sur la n\u00e9cessit\u00e9 de la prise en charge des femmes en d\u00e9tresse &#8211; lundi 25 novembre 2019 19:37 Appel au vote et lutte contre la violence \u00e0 l&rsquo;\u00e9gard des femmes \u00e9voqu\u00e9s au 9e jour de campagne &#8211; lundi 25 novembre 2019 19:27 Un terroriste de nationalit\u00e9 \u00e9trang\u00e8re captur\u00e9 \u00e0 El Oued &#8211; lundi [&hellip;]<\/p>\n","protected":false},"author":1790,"featured_media":0,"comment_status":"closed","ping_status":"closed","sticky":false,"template":"","format":"standard","meta":{"fifu_image_url":"","fifu_image_alt":"","footnotes":""},"categories":[53,76],"tags":[],"class_list":["post-68511","post","type-post","status-publish","format-standard","hentry","category-algerie","category-regions"],"_links":{"self":[{"href":"https:\/\/linitiative.ca\/International\/wp-json\/wp\/v2\/posts\/68511","targetHints":{"allow":["GET"]}}],"collection":[{"href":"https:\/\/linitiative.ca\/International\/wp-json\/wp\/v2\/posts"}],"about":[{"href":"https:\/\/linitiative.ca\/International\/wp-json\/wp\/v2\/types\/post"}],"author":[{"embeddable":true,"href":"https:\/\/linitiative.ca\/International\/wp-json\/wp\/v2\/users\/1790"}],"replies":[{"embeddable":true,"href":"https:\/\/linitiative.ca\/International\/wp-json\/wp\/v2\/comments?post=68511"}],"version-history":[{"count":0,"href":"https:\/\/linitiative.ca\/International\/wp-json\/wp\/v2\/posts\/68511\/revisions"}],"wp:attachment":[{"href":"https:\/\/linitiative.ca\/International\/wp-json\/wp\/v2\/media?parent=68511"}],"wp:term":[{"taxonomy":"category","embeddable":true,"href":"https:\/\/linitiative.ca\/International\/wp-json\/wp\/v2\/categories?post=68511"},{"taxonomy":"post_tag","embeddable":true,"href":"https:\/\/linitiative.ca\/International\/wp-json\/wp\/v2\/tags?post=68511"}],"curies":[{"name":"wp","href":"https:\/\/api.w.org\/{rel}","templated":true}]}}