{"id":68512,"date":"2019-11-25T11:03:43","date_gmt":"2019-11-25T16:03:43","guid":{"rendered":"https:\/\/linitiative.ca\/International\/blida-la-famille-du-defunt-abdelabasset-bouzar-honoree-par-lassociation-la-radieuse\/"},"modified":"2019-11-25T11:03:43","modified_gmt":"2019-11-25T16:03:43","slug":"blida-la-famille-du-defunt-abdelabasset-bouzar-honoree-par-lassociation-la-radieuse","status":"publish","type":"post","link":"https:\/\/linitiative.ca\/International\/blida-la-famille-du-defunt-abdelabasset-bouzar-honoree-par-lassociation-la-radieuse\/","title":{"rendered":"Blida: la famille du d\u00e9funt Abdelabasset Bouzar honor\u00e9e par l\u2019association \u00ab\u00a0la Radieuse\u00a0\u00bb  \u00a0"},"content":{"rendered":"<div readability=\"39\">\n<p><strong>BLIDA &#8211; La famille du d\u00e9funt lutteur Abdelabasset Bouzar a \u00e9t\u00e9 honor\u00e9e, lundi, par le pr\u00e9sident et membres de l\u2019association \u00ab\u00a0la Radieuse\u00a0\u00bb, qui se sont d\u00e9plac\u00e9s, \u00e0 Blida, pour une visite de soutien (moral et mat\u00e9riel) \u00e0 son profit.<\/strong><\/p>\n<\/div>\n<div readability=\"117\">\n<p>La d\u00e9l\u00e9gation sportive a \u00e9t\u00e9 accueillie, \u00e0 l\u2019occasion, par le wali Youcef Chorfa, qui a lou\u00e9 cette initiative, avant d\u2019annoncer l&rsquo;offre d\u2019une Omra au profit des deux parents du d\u00e9funt jeune lutteur, en guise de solidarit\u00e9 avec eux.<\/p>\n<p>Ont pris part \u00e0 cette visite de solidarit\u00e9, outre le pr\u00e9sident de l\u2019association, Kada Chafi, nombre d\u2019anciens joueurs nationaux et internationaux, dont Belloumi Lakhdar, Mohamed Khezrouni, Bilal Zouani, et Foudil Megharia , en plus de l\u2019arbitre international Hansal Mohamed.<\/p>\n<blockquote readability=\"19\">\n<p><em><strong>Dans une d\u00e9claration \u00e0 l\u2019APS, M.Chafi, qui a affirm\u00e9 la \u00ab\u00a0solidarit\u00e9 des citoyens et des anciens sportifs avec la famille du d\u00e9funt\u00a0\u00bb, a soulign\u00e9 que cette d\u00e9l\u00e9gation sportive, dont les membres sont issus de nombreuses wilayas, dont Alger, Blida, Chlef, Mascara, et Oran, est venue \u00ab\u00a0honorer la famille du d\u00e9funt lutteur, et tenter d\u2019att\u00e9nuer leur douleur pour la perte de leur fils\u00a0\u00bb.<\/strong><\/em><\/p>\n<\/blockquote>\n<p>Il n\u2019a pas manqu\u00e9, en outre, de rappeler le geste de solidarit\u00e9 du ministre de la Jeunesse et des Sports, Raouf salim Bernaoui, qui a offert un logement \u00e0 la famille du d\u00e9funt, en plus d\u2019un emploi \u00e0 son p\u00e8re,<\/p>\n<p>exprimant son souhait que cela \u00ab\u00a0contribuera au soutien de cette famille, qui vit des probl\u00e8mes sociaux\u00a0\u00bb. M. Chafi a assur\u00e9, en outre, que l'\u00a0\u00bbEtat alg\u00e9rien a \u0153uvr\u00e9, depuis l\u2019ind\u00e9pendance, au soutien de tous les sportifs, dont ceux relevant de cat\u00e9gories sp\u00e9cifiques\u00a0\u00bb, ce qui a permis, a-t-il ajout\u00e9, la \u00ab\u00a0r\u00e9alisation de r\u00e9sultats positifs dans de nombreuses disciplines sportives, au double plan national et international\u00a0\u00bb, a-t-il estim\u00e9.<\/p>\n<blockquote readability=\"11\">\n<p><em><strong>\u00ab\u00a0Cette \u00e9preuve doit constituer une le\u00e7on pour nous \u00e0 l\u2019avenir\u00a0\u00bb, a-t-il poursuivi, en souhaitant que les \u00ab\u00a0sportifs b\u00e9n\u00e9ficieront de la prise en charge m\u00e9dicale n\u00e9cessaire, en temps opportun de la part des entra\u00eeneurs et des pr\u00e9sidents d\u2019associations\u00a0\u00bb, a-t-il indiqu\u00e9.<\/strong><\/em><\/p>\n<\/blockquote>\n<p>Quant \u00e0 l\u2019ex joueur international Lakhdar Belloumi, il a estim\u00e9 dans son intervention, que la venue des sportifs pour pr\u00e9senter leurs condol\u00e9ances \u00e0 cette famille \u00ab\u00a0est un devoir national qui peut aider \u00e0 remonter le moral des parents du h\u00e9ros d\u00e9funt et att\u00e9nuer leur douleur\u00a0\u00bb.<\/p>\n<p>\u00ab\u00a0Je regrette la perte de cet enfant de l\u2019Alg\u00e9rie et de cet h\u00e9ros sportif, mais nul ne peut s\u2019opposer \u00e0 la volont\u00e9 de Dieu\u00a0\u00bb, a, encore, assur\u00e9 Belloumi.<\/p>\n<blockquote readability=\"13\">\n<p><em><strong>\u00ab\u00a0Notre soutien \u00e0 cette famille en cette p\u00e9nible \u00e9preuve, est un devoir humanitaire, avant tout\u00a0\u00bb, a, pour sa part, estim\u00e9 l\u2019ex international Mohamed Khezrouni, se f\u00e9licitant de la \u00ab\u00a0position solidaire des autorit\u00e9s et des citoyens avec la famille du d\u00e9funt\u00a0\u00bb.<\/strong><\/em><\/p>\n<\/blockquote>\n<p>Le jeune lutteur alg\u00e9rien, Abdelbasset Bouzar est d\u00e9c\u00e9d\u00e9 le 18 novembre dernier des suites d\u2019une maladie l\u2019ayant forc\u00e9 \u00e0 s\u2019aliter et \u00e0 abandonner le sport.<\/p>\n<p>Le d\u00e9funt a honor\u00e9 l\u2019Alg\u00e9rie dans plusieurs joutes nationales et internationales, en s\u2019adjudant de nombreux titres et m\u00e9dailles dans les cat\u00e9gories des jeunes, dont le titre de champion d\u2019Afrique (juniors) dans sa discipline.<\/p>\n<\/div>\n<p>Auteur:<br \/>\n<a href=\"http:\/\/www.aps.dz\/regions\/98007-blida-la-famille-du-defunt-abdelabasset-bouzar-honoree-par-l-association-la-radieuse\">Cliquez ici pour lire l&rsquo;article depuis sa source.<\/a><\/p>\n","protected":false},"excerpt":{"rendered":"<p>BLIDA &#8211; La famille du d\u00e9funt lutteur Abdelabasset Bouzar a \u00e9t\u00e9 honor\u00e9e, lundi, par le pr\u00e9sident et membres de l\u2019association \u00ab\u00a0la Radieuse\u00a0\u00bb, qui se sont d\u00e9plac\u00e9s, \u00e0 Blida, pour une visite de soutien (moral et mat\u00e9riel) \u00e0 son profit. La d\u00e9l\u00e9gation sportive a \u00e9t\u00e9 accueillie, \u00e0 l\u2019occasion, par le wali Youcef Chorfa, qui a lou\u00e9 [&hellip;]<\/p>\n","protected":false},"author":1790,"featured_media":0,"comment_status":"closed","ping_status":"closed","sticky":false,"template":"","format":"standard","meta":{"fifu_image_url":"","fifu_image_alt":"","footnotes":""},"categories":[53,76],"tags":[],"class_list":["post-68512","post","type-post","status-publish","format-standard","hentry","category-algerie","category-regions"],"_links":{"self":[{"href":"https:\/\/linitiative.ca\/International\/wp-json\/wp\/v2\/posts\/68512","targetHints":{"allow":["GET"]}}],"collection":[{"href":"https:\/\/linitiative.ca\/International\/wp-json\/wp\/v2\/posts"}],"about":[{"href":"https:\/\/linitiative.ca\/International\/wp-json\/wp\/v2\/types\/post"}],"author":[{"embeddable":true,"href":"https:\/\/linitiative.ca\/International\/wp-json\/wp\/v2\/users\/1790"}],"replies":[{"embeddable":true,"href":"https:\/\/linitiative.ca\/International\/wp-json\/wp\/v2\/comments?post=68512"}],"version-history":[{"count":0,"href":"https:\/\/linitiative.ca\/International\/wp-json\/wp\/v2\/posts\/68512\/revisions"}],"wp:attachment":[{"href":"https:\/\/linitiative.ca\/International\/wp-json\/wp\/v2\/media?parent=68512"}],"wp:term":[{"taxonomy":"category","embeddable":true,"href":"https:\/\/linitiative.ca\/International\/wp-json\/wp\/v2\/categories?post=68512"},{"taxonomy":"post_tag","embeddable":true,"href":"https:\/\/linitiative.ca\/International\/wp-json\/wp\/v2\/tags?post=68512"}],"curies":[{"name":"wp","href":"https:\/\/api.w.org\/{rel}","templated":true}]}}