{"id":68513,"date":"2019-11-25T11:36:19","date_gmt":"2019-11-25T16:36:19","guid":{"rendered":"https:\/\/linitiative.ca\/International\/la-wilaya-dalger-prete-a-attirer-differents-types-de-tourisme-y-compris-des-affaires\/"},"modified":"2019-11-25T11:36:19","modified_gmt":"2019-11-25T16:36:19","slug":"la-wilaya-dalger-prete-a-attirer-differents-types-de-tourisme-y-compris-des-affaires","status":"publish","type":"post","link":"https:\/\/linitiative.ca\/International\/la-wilaya-dalger-prete-a-attirer-differents-types-de-tourisme-y-compris-des-affaires\/","title":{"rendered":"La wilaya d&rsquo;Alger pr\u00eate \u00e0 attirer diff\u00e9rents types de tourisme y compris des affaires"},"content":{"rendered":"<div readability=\"39\">\n<p><strong>ALGER &#8211; Le ministre du Tourisme et de l&rsquo;Artisanat, Abdelkader Benmessaoud a affirm\u00e9, lundi \u00e0 Alger, que gr\u00e2ce au plan d&rsquo;am\u00e9nagement et d&rsquo;urbanisme pour la r\u00e9habilitation de la ville d&rsquo;Alger, la capitale est pr\u00eate aujourd&rsquo;hui \u00e0 attirer diff\u00e9rents types de tourisme, notamment des affaires.<\/strong><\/p>\n<\/div>\n<div readability=\"70.673168411\">\n<p>Le ministre a indiqu\u00e9, lors du 20\u00e8me Salon international du Tourisme et des voyages (SITEV), organis\u00e9 au Palais de la culture \u00ab\u00a0Moufdi Zakaria\u00a0\u00bb (Alger), que le plan d&rsquo;am\u00e9nagement et d&rsquo;urbanisme lanc\u00e9 pour la r\u00e9habilitation et l&#8217;embellissement de la capitale, commence \u00e0 donner ses fruits, \u00e0 travers le parc h\u00f4telier que rec\u00e8le la wilaya, ainsi que \u00ab\u00a0la dynamique touristique qui la marque notamment en mati\u00e8re de tourisme des affaires\u00a0\u00bb.<\/p>\n<p>La r\u00e9alisation de plusieurs h\u00f4tels en \u00ab\u00a0peu de temps\u00a0\u00bb, \u00e0 travers les diff\u00e9rentes communes d&rsquo;Alger a contribu\u00e9 \u00ab\u00a0\u00e0 son embellissement\u00a0\u00bb, a pr\u00e9cis\u00e9 le ministre, estimant que \u00ab\u00a0la situation aujourd&rsquo;hui est beaucoup mieux que les dix derni\u00e8res ann\u00e9es, comme il convient de dire que cette wilaya \u00ab\u00a0est une capitale touristique par excellence\u00a0\u00bb, au regard du \u00ab\u00a0nombre important d&rsquo;\u00e9trangers qui visitent ses sites et admirent les paysages de sa baie m\u00e9diterran\u00e9enne\u00a0\u00bb.<\/p>\n<hr\/>\n<h3>Lire aussi:\u00a0<a href=\"http:\/\/www.aps.dz\/economie\/97971-tourisme-pour-une-action-commune-avec-tous-les-acteurs-en-vue-d-atteindre-l-excellence\" target=\"_blank\" rel=\"noopener noreferrer\">Tourisme: pour une action commune en vue d&rsquo;atteindre \u00ab\u00a0l&rsquo;excellence\u00a0\u00bb<\/a><\/h3>\n<hr\/>\n<p>En 2020, \u00ab\u00a0des colloques sp\u00e9cialis\u00e9s seront organis\u00e9s dans le cadre du tourisme des affaires avec des soci\u00e9t\u00e9s internationales\u00a0\u00bb dans l&rsquo;objectif \u00ab\u00a0d&rsquo;ouvrir de nouvelles perspectives en mati\u00e8re de tourisme des affaires\u00a0\u00bb, en allusion aux pays anglo-saxons et europ\u00e9ens.<\/p>\n<p>Lors des assises nationales du tourisme tenues au d\u00e9but de l&rsquo;ann\u00e9e en cours, \u00ab\u00a0l&rsquo;Alg\u00e9rie a d\u00e9fini ses orientations en mati\u00e8re de tourisme qui consistent en la promotion d&rsquo;un tourisme multipolaire\u00a0\u00bb. Il a cit\u00e9 \u00e0 titre d&rsquo;exemple les touristes chinois, qui constituent \u00ab\u00a0une v\u00e9ritable richesse touristique \u00e0 exploiter pour la cr\u00e9ation d&rsquo;entreprises et leur association \u00e0 la r\u00e9alisation de structures h\u00f4teli\u00e8res\u00a0\u00bb, sachant qu&rsquo;au niveau de la wilaya d&rsquo;Alger, il y&rsquo;a quatre projets h\u00f4teliers, dont la r\u00e9alisation est prise en charge par des soci\u00e9t\u00e9s chinoises.<\/p>\n<p>Le ministre avait affirm\u00e9, dans des d\u00e9clarations pr\u00e9c\u00e9dentes, que les 82 projets h\u00f4teliers r\u00e9alis\u00e9s en 2019 au niveau de la capitale \u00e9taient \u00e0 m\u00eame de garantir une capacit\u00e9 d&rsquo;accueil suppl\u00e9mentaire de 14.000 lits et cr\u00e9er 60.000 nouveaux postes d&#8217;emploi.<\/p>\n<\/div>\n<p>Auteur:<br \/>\n<a href=\"http:\/\/www.aps.dz\/regions\/98012-la-wilaya-d-alger-prete-a-attirer-differents-types-de-tourisme-y-compris-des-affaires\">Cliquez ici pour lire l&rsquo;article depuis sa source.<\/a><\/p>\n","protected":false},"excerpt":{"rendered":"<p>ALGER &#8211; Le ministre du Tourisme et de l&rsquo;Artisanat, Abdelkader Benmessaoud a affirm\u00e9, lundi \u00e0 Alger, que gr\u00e2ce au plan d&rsquo;am\u00e9nagement et d&rsquo;urbanisme pour la r\u00e9habilitation de la ville d&rsquo;Alger, la capitale est pr\u00eate aujourd&rsquo;hui \u00e0 attirer diff\u00e9rents types de tourisme, notamment des affaires. Le ministre a indiqu\u00e9, lors du 20\u00e8me Salon international du Tourisme [&hellip;]<\/p>\n","protected":false},"author":1790,"featured_media":0,"comment_status":"closed","ping_status":"closed","sticky":false,"template":"","format":"standard","meta":{"fifu_image_url":"","fifu_image_alt":"","footnotes":""},"categories":[53,76],"tags":[],"class_list":["post-68513","post","type-post","status-publish","format-standard","hentry","category-algerie","category-regions"],"_links":{"self":[{"href":"https:\/\/linitiative.ca\/International\/wp-json\/wp\/v2\/posts\/68513","targetHints":{"allow":["GET"]}}],"collection":[{"href":"https:\/\/linitiative.ca\/International\/wp-json\/wp\/v2\/posts"}],"about":[{"href":"https:\/\/linitiative.ca\/International\/wp-json\/wp\/v2\/types\/post"}],"author":[{"embeddable":true,"href":"https:\/\/linitiative.ca\/International\/wp-json\/wp\/v2\/users\/1790"}],"replies":[{"embeddable":true,"href":"https:\/\/linitiative.ca\/International\/wp-json\/wp\/v2\/comments?post=68513"}],"version-history":[{"count":0,"href":"https:\/\/linitiative.ca\/International\/wp-json\/wp\/v2\/posts\/68513\/revisions"}],"wp:attachment":[{"href":"https:\/\/linitiative.ca\/International\/wp-json\/wp\/v2\/media?parent=68513"}],"wp:term":[{"taxonomy":"category","embeddable":true,"href":"https:\/\/linitiative.ca\/International\/wp-json\/wp\/v2\/categories?post=68513"},{"taxonomy":"post_tag","embeddable":true,"href":"https:\/\/linitiative.ca\/International\/wp-json\/wp\/v2\/tags?post=68513"}],"curies":[{"name":"wp","href":"https:\/\/api.w.org\/{rel}","templated":true}]}}