{"id":68517,"date":"2019-11-25T15:14:17","date_gmt":"2019-11-25T20:14:17","guid":{"rendered":"https:\/\/linitiative.ca\/International\/ligue-1-2-jsk-y-a-t-il-un-conflit-salhi-hamenad\/"},"modified":"2019-11-25T15:14:17","modified_gmt":"2019-11-25T20:14:17","slug":"ligue-1-2-jsk-y-a-t-il-un-conflit-salhi-hamenad","status":"publish","type":"post","link":"https:\/\/linitiative.ca\/International\/ligue-1-2-jsk-y-a-t-il-un-conflit-salhi-hamenad\/","title":{"rendered":"Ligue 1 &amp; 2 : JSK : Y a-t-il un conflit Salhi-Hamenad ?"},"content":{"rendered":"<div readability=\"32\">\n<p>Auteur : <span>M. B.<\/span> <span class=\"time\">lundi 25 novembre 2019 15:25<\/span><\/p>\n<\/div>\n<div id=\"post_core\" readability=\"84\">\n<p>Apr\u00e8s la belle victoire r\u00e9alis\u00e9e contre le Mouloudia le 23 novembre dernier, les Canaris, qui croyaient avoir retrouv\u00e9 leurs sensations et leur efficacit\u00e9, ont accueilli la JS Saoura avec beaucoup de d\u00e9termination dans l\u2019espoir d\u2019encha\u00eener un bon succ\u00e8s et se rapprocher du podium. Finalement, ils ont \u00e9t\u00e9 tenus en \u00e9chec par une solide formation sudiste qui s\u2019est bien d\u00e9fendue durant les 90 minutes. Pour cette rencontre et en plus de Sa\u00e2dou, Bencherifa, Oukaci et Mebarki, un autre \u00e9l\u00e9ment n\u2019a pas \u00e9t\u00e9 retenu. Il s\u2019agit du gardien Abdelkader Salhi. Ce dernier, qui traverse des moments tr\u00e8s difficiles depuis le d\u00e9but de saison, n\u2019a \u00e9t\u00e9 align\u00e9 que de rares fois depuis le d\u00e9but de la comp\u00e9tition. Pour preuve, l\u2019entra\u00eeneur en chef, Hubert Velud, que nous avons interrog\u00e9 derni\u00e8rement lors du reportage qu\u2019il nous a accord\u00e9, nous a fait savoir qu\u2019il n\u2019a pas eu Salhi depuis le d\u00e9but de la saison et qu\u2019il n\u2019est pas \u00e0 100 % de ses moyens. D\u2019ailleurs, l\u2019international n\u2019a pas \u00e9t\u00e9 convoqu\u00e9 pour le match de samedi contre la JS Saoura. Une mise \u00e0 l\u2019\u00e9cart qui a suscit\u00e9 des interrogations au point o\u00f9 certains annoncent d\u00e9j\u00e0 le d\u00e9part pr\u00e9matur\u00e9 de l\u2019ancien pensionnaire du CRB. Mais lorsque nous avons essay\u00e9 d\u2019en savoir davantage, nous avons appris qu\u2019en plus de sa situation qui se complique de jour en jour, le joueur serait en conflit avec l\u2019entra\u00eeneur des gardiens, Omar Hamenad. Apparemment, Abdelkader Salhi ne se sent plus capable de s\u2019entra\u00eener sous la houlette de Hamenad pour des raisons qu\u2019on ignore pour l\u2019instant.\u00a0<\/p>\n<p><strong>Le gardien a la t\u00eate ailleurs<\/strong><br \/>\u00a0Apparemment, les jours de Abdelkader Salhi \u00e0 la JSK sont compt\u00e9s. Apr\u00e8s avoir \u00e9t\u00e9 autoris\u00e9 \u00e0 prendre quelques jours de repos pour lui permettre de retrouver son moral, lui qui traversait une p\u00e9riode tr\u00e8s difficile, Abdelkader Salhi, qui avait \u00e9t\u00e9 autoris\u00e9 \u00e0 reprendre, continuait \u00e0 donner l\u2019impression de quelqu\u2019un qui n\u2019\u00e9tait pas bien sur le plan psychologique. Chose qui a pouss\u00e9 l\u2019entra\u00eeneur en chef \u00e0 l\u2019\u00e9carter carr\u00e9ment du groupe. Sa situation devient de plus en plus compliqu\u00e9e et il risque de se retrouver encore hors des 18 lors des prochains matchs.\u00a0<\/p>\n<p><strong>Les offres de clubs d\u2019Arabie Saoudite perturbent le joueur<\/strong><br \/>L\u2019autre raison qui fait que Salhi soit dans une situation difficile, ce sont les offres qu\u2019il aurait re\u00e7ues derni\u00e8rement de la part de clubs saoudiens. Et comme il est toujours sous contrat, il lui faut d\u2019abord r\u00e9cup\u00e9rer sa lettre de sortie pour pouvoir quitter le pays et d\u00e9couvrir un autre championnat.\u00a0<\/p>\n<p><strong>La JSK ne s\u2019opposera pas \u00e0 son d\u00e9part si\u2026<\/strong><br \/>Lorsque nous avons essay\u00e9 d\u2019en savoir davantage sur la situation du gardien Salhi, nous avons appris que la direction kabyle ne s\u2019opposerait pas au d\u00e9part de son gardien qui depuis le d\u00e9but de saison n\u2019a plus la t\u00eate \u00e0 la JSK. Son d\u00e9part serait b\u00e9n\u00e9fique pour les deux parties du moment qu\u2019il ne peut plus apporter un plus ni d\u00e9tr\u00f4ner Benbot qui ne cesse de gagner en confiance.\u00a0<\/p>\n<p><strong>Enorme Benbot face \u00e0 la JSS, les places sont d\u00e9sormais ch\u00e8res\u00a0<\/strong><br \/>Si Salhi n\u2019arrive plus \u00e0 retrouver sa place de titulaire, c\u2019est parce que la concurrence avec Benbot s\u2019annonce tr\u00e8s rude. L\u2019ancien keeper de l\u2019ASAM progresse et affiche une belle forme depuis quelques journ\u00e9es. Il a \u00e9t\u00e9 d\u2019ailleurs l\u2019auteur d\u2019une belle prestation contre la JS Saoura en sauvant un but tout fait. Il donne de plus en plus d\u2019assurance \u00e0 ses co\u00e9quipiers, ce qui lui permet de rester en position de force.<br \/>\u00a0<\/p>\n<\/div>\n<p>Auteur:<br \/>\n<a href=\"http:\/\/www.lebuteur.com\/article\/detail?titre=jsk-y-a-t-il-un-conflit-salhi-hamenad&#038;id=93160&#038;utm_source=feedburner&#038;utm_medium=feed&#038;utm_campaign=Feed%3A+GalerieFArtciles+%28Les+derniers+articles++-+lebuteur.com%29\">Cliquez ici pour lire l&rsquo;article depuis sa source.<\/a><\/p>\n","protected":false},"excerpt":{"rendered":"<p>Auteur : M. B. lundi 25 novembre 2019 15:25 Apr\u00e8s la belle victoire r\u00e9alis\u00e9e contre le Mouloudia le 23 novembre dernier, les Canaris, qui croyaient avoir retrouv\u00e9 leurs sensations et leur efficacit\u00e9, ont accueilli la JS Saoura avec beaucoup de d\u00e9termination dans l\u2019espoir d\u2019encha\u00eener un bon succ\u00e8s et se rapprocher du podium. Finalement, ils ont [&hellip;]<\/p>\n","protected":false},"author":1738,"featured_media":68518,"comment_status":"closed","ping_status":"closed","sticky":false,"template":"","format":"standard","meta":{"fifu_image_url":"","fifu_image_alt":"","footnotes":""},"categories":[53,75],"tags":[],"class_list":["post-68517","post","type-post","status-publish","format-standard","has-post-thumbnail","hentry","category-algerie","category-sport"],"_links":{"self":[{"href":"https:\/\/linitiative.ca\/International\/wp-json\/wp\/v2\/posts\/68517","targetHints":{"allow":["GET"]}}],"collection":[{"href":"https:\/\/linitiative.ca\/International\/wp-json\/wp\/v2\/posts"}],"about":[{"href":"https:\/\/linitiative.ca\/International\/wp-json\/wp\/v2\/types\/post"}],"author":[{"embeddable":true,"href":"https:\/\/linitiative.ca\/International\/wp-json\/wp\/v2\/users\/1738"}],"replies":[{"embeddable":true,"href":"https:\/\/linitiative.ca\/International\/wp-json\/wp\/v2\/comments?post=68517"}],"version-history":[{"count":0,"href":"https:\/\/linitiative.ca\/International\/wp-json\/wp\/v2\/posts\/68517\/revisions"}],"wp:featuredmedia":[{"embeddable":true,"href":"https:\/\/linitiative.ca\/International\/wp-json\/"}],"wp:attachment":[{"href":"https:\/\/linitiative.ca\/International\/wp-json\/wp\/v2\/media?parent=68517"}],"wp:term":[{"taxonomy":"category","embeddable":true,"href":"https:\/\/linitiative.ca\/International\/wp-json\/wp\/v2\/categories?post=68517"},{"taxonomy":"post_tag","embeddable":true,"href":"https:\/\/linitiative.ca\/International\/wp-json\/wp\/v2\/tags?post=68517"}],"curies":[{"name":"wp","href":"https:\/\/api.w.org\/{rel}","templated":true}]}}