{"id":68521,"date":"2019-11-25T15:14:20","date_gmt":"2019-11-25T20:14:20","guid":{"rendered":"https:\/\/linitiative.ca\/International\/ligue-1-2-mca-frioui-si-on-veut-gagner-le-championnat-il-faut-battre-le-crb\/"},"modified":"2019-11-25T15:14:20","modified_gmt":"2019-11-25T20:14:20","slug":"ligue-1-2-mca-frioui-si-on-veut-gagner-le-championnat-il-faut-battre-le-crb","status":"publish","type":"post","link":"https:\/\/linitiative.ca\/International\/ligue-1-2-mca-frioui-si-on-veut-gagner-le-championnat-il-faut-battre-le-crb\/","title":{"rendered":"Ligue 1 &amp; 2 : MCA : Frioui : \u00abSi on veut gagner le championnat, il faut battre le CRB\u00bb"},"content":{"rendered":"<div readability=\"32\">\n<p>Auteur : <span>Tarek-Che<\/span> <span class=\"time\">lundi 25 novembre 2019 15:25<\/span><\/p>\n<\/div>\n<div id=\"post_core\" readability=\"47\">\n<p><strong>C\u2019est la grande consternation dans vos rangs apr\u00e8s cette d\u00e9faite face \u00e0 l\u2019ASO, n\u2019est-ce pas ?<\/strong><br \/>Je suis abasourdi par la tournure des \u00e9v\u00e9nements. On ne m\u00e9ritait pas de perdre ce match tant on a \u00e9t\u00e9 meilleurs que notre adversaire qui s\u2019est cantonn\u00e9 derri\u00e8re.<br \/><strong>Tout le monde a mis en exergue l\u2019arbitrage qui \u00e9tait derri\u00e8re cet \u00e9chec. Un commentaire ?<\/strong><br \/>Nous avons d\u00fb faire face \u00e0 un arbitrage catastrophique. Il y a eu l\u2019expulsion de Bourdim et ce penalty indiqu\u00e9 injustement par l\u2019arbitre dans les ultimes minutes. N\u2019\u00e9tait ce fait de jeu, jamais on n\u2019aurait perdu cette rencontre. Depuis notre \u00e9galisation, il y a eu une tr\u00e8s grosse pression qui a \u00e9t\u00e9 exerc\u00e9e par les locaux sur l\u2019arbitre.<br \/><strong>Vous avez tout de m\u00eame sign\u00e9 l\u2019unique but de vitre \u00e9quipe lors de cette rencontre.<\/strong><br \/>Sur le moment, j\u2019\u00e9tais aux anges car j\u2019inscrivais le but \u00e9galisateur. Mais apr\u00e8s cette d\u00e9faite, ce but n\u2019a aucune saveur. Je pr\u00e9f\u00e8re ne pas marquer et voir mon \u00e9quipe s\u2019imposer. Malheureusement, ce n\u2019est pas le cas.<br \/><strong>Vous avez perdu votre statut de leader \u00e0 quelques encablures du choc face au CRB. Quel est votre avis ?<\/strong><br \/>On a perdu cette place pour un petit point. Ce sera \u00e0 nous de r\u00e9cup\u00e9rer ce fauteuil de leader le week-end prochain chez nous devant nos supporters.<br \/><strong>Ce ne sera pas simple face \u00e0 une \u00e9quipe du CRB qui carbure \u00e0 plein r\u00e9gime surtout en d\u00e9placement.<\/strong><br \/>Mais rien n\u2019est simple. On sait qu\u2019on ne nous fera aucun cadeau. A chacune de nos sorties, on doit se battre \u00e0 200% face \u00e0 des \u00e9quipes hyper motiv\u00e9es. Maintenant, si on veut gagner le championnat, il faut battre le CRB. C\u2019est aussi simple que cela.\u00a0\u00a0 \u00a0<br \/><strong>Un mot \u00e0 vos supporters qui ont quitt\u00e9 le stade Boumezrag la mort dans l\u2019\u00e2me ?<\/strong><br \/>J\u2019\u00e9tais tr\u00e8s d\u00e9\u00e7u pour nos supporters qui sont venus tr\u00e8s nombreux. Ils ont tous vu de quelle mani\u00e8re on a perdu cette rencontre. Je demande \u00e0 nos supporters de nous soutenir dans ces moments difficiles. On a besoin de leur soutien et de leurs encouragements. Et de notre c\u00f4t\u00e9, on fera notre possible pour leur rendre le sourire.<\/p>\n<p><strong>Publi\u00e9 dans :<\/strong> <span>mca<\/span> <span>CRB<\/span> <span>Frioui<\/span><\/p>\n<\/div>\n<p>Auteur:<br \/>\n<a href=\"http:\/\/www.lebuteur.com\/article\/detail?titre=mca-frioui-si-on-veut-gagner-le-championnat-il-faut-battre-le-crb&#038;id=93158&#038;utm_source=feedburner&#038;utm_medium=feed&#038;utm_campaign=Feed%3A+GalerieFArtciles+%28Les+derniers+articles++-+lebuteur.com%29\">Cliquez ici pour lire l&rsquo;article depuis sa source.<\/a><\/p>\n","protected":false},"excerpt":{"rendered":"<p>Auteur : Tarek-Che lundi 25 novembre 2019 15:25 C\u2019est la grande consternation dans vos rangs apr\u00e8s cette d\u00e9faite face \u00e0 l\u2019ASO, n\u2019est-ce pas ?Je suis abasourdi par la tournure des \u00e9v\u00e9nements. On ne m\u00e9ritait pas de perdre ce match tant on a \u00e9t\u00e9 meilleurs que notre adversaire qui s\u2019est cantonn\u00e9 derri\u00e8re.Tout le monde a mis [&hellip;]<\/p>\n","protected":false},"author":1738,"featured_media":68522,"comment_status":"closed","ping_status":"closed","sticky":false,"template":"","format":"standard","meta":{"fifu_image_url":"","fifu_image_alt":"","footnotes":""},"categories":[53,75],"tags":[],"class_list":["post-68521","post","type-post","status-publish","format-standard","has-post-thumbnail","hentry","category-algerie","category-sport"],"_links":{"self":[{"href":"https:\/\/linitiative.ca\/International\/wp-json\/wp\/v2\/posts\/68521","targetHints":{"allow":["GET"]}}],"collection":[{"href":"https:\/\/linitiative.ca\/International\/wp-json\/wp\/v2\/posts"}],"about":[{"href":"https:\/\/linitiative.ca\/International\/wp-json\/wp\/v2\/types\/post"}],"author":[{"embeddable":true,"href":"https:\/\/linitiative.ca\/International\/wp-json\/wp\/v2\/users\/1738"}],"replies":[{"embeddable":true,"href":"https:\/\/linitiative.ca\/International\/wp-json\/wp\/v2\/comments?post=68521"}],"version-history":[{"count":0,"href":"https:\/\/linitiative.ca\/International\/wp-json\/wp\/v2\/posts\/68521\/revisions"}],"wp:featuredmedia":[{"embeddable":true,"href":"https:\/\/linitiative.ca\/International\/wp-json\/"}],"wp:attachment":[{"href":"https:\/\/linitiative.ca\/International\/wp-json\/wp\/v2\/media?parent=68521"}],"wp:term":[{"taxonomy":"category","embeddable":true,"href":"https:\/\/linitiative.ca\/International\/wp-json\/wp\/v2\/categories?post=68521"},{"taxonomy":"post_tag","embeddable":true,"href":"https:\/\/linitiative.ca\/International\/wp-json\/wp\/v2\/tags?post=68521"}],"curies":[{"name":"wp","href":"https:\/\/api.w.org\/{rel}","templated":true}]}}