{"id":68523,"date":"2019-11-25T15:14:22","date_gmt":"2019-11-25T20:14:22","guid":{"rendered":"https:\/\/linitiative.ca\/International\/ligue-1-2-mca-sakhri-le-derby-face-au-crb-se-jouera-a-bologhine-et-nulle-part-ailleurs\/"},"modified":"2019-11-25T15:14:22","modified_gmt":"2019-11-25T20:14:22","slug":"ligue-1-2-mca-sakhri-le-derby-face-au-crb-se-jouera-a-bologhine-et-nulle-part-ailleurs","status":"publish","type":"post","link":"https:\/\/linitiative.ca\/International\/ligue-1-2-mca-sakhri-le-derby-face-au-crb-se-jouera-a-bologhine-et-nulle-part-ailleurs\/","title":{"rendered":"Ligue 1 &amp; 2 : MCA : Sakhri : \u00abLe derby face au CRB se jouera \u00e0 Bologhine et nulle part ailleurs\u00bb"},"content":{"rendered":"<div readability=\"32\">\n<p>Auteur : <span>Kamel M.<\/span> <span class=\"time\">lundi 25 novembre 2019 15:25<\/span><\/p>\n<\/div>\n<div id=\"post_core\" readability=\"65\">\n<p>Tr\u00e8s d\u00e9\u00e7u \u00e9tait le directeur g\u00e9n\u00e9ral sportif du Mouloudia, \u00e0 l\u2019issue de la d\u00e9faite de son \u00e9quipe face \u00e0 son ancienne \u00e9quipe qu\u2019il a qualifi\u00e9e d\u2019injuste, en imputant la responsabilit\u00e9 de cet \u00e9chec au directeur du jeu qui, de son avis, a d\u00e9cid\u00e9 du sort de la partie. Abord\u00e9 au sujet du prochain match de son \u00e9quipe devant le CRB, et apr\u00e8s les \u00e9chos de certaines parties qui voulaient d\u00e9localiser le derby au stade Mustapha-Tchaker de Blida, et programmer le match retour au 5-Juillet qui fera peau neuve d\u2019ici l\u00e0, le directeur g\u00e9n\u00e9ral sportif du vieux club alg\u00e9rois dira : \u00abJe tiens \u00e0 vous affirmer que le prochain match contre le CRB ne se jouera qu\u2019au stade de Bologhine et nulle part ailleurs. C\u2019est notre \u00e9quipe qui recevra le CRB et nous jouerons \u00e0 Bologhine et je refuse de pol\u00e9miquer sur ce sujet, car la r\u00e9glementation est claire et nette.\u00bb<br \/><strong>\u00abOn r\u00e9digera un rapport contre l\u2019arbitre qu\u2019on pr\u00e9sentera aux instances comp\u00e9tentes\u00bb<\/strong><br \/>En revenant sur l\u2019arbitrage d\u2019A\u00eft Ameur qui a \u00e9t\u00e9 mis \u00e0 l\u2019index, Sakhri n\u2019est pas all\u00e9 avec le dos de la cuill\u00e8re pour dire : \u00abTout le monde a vu comment le Mouloudia a \u00e9t\u00e9 l\u00e9s\u00e9 par l\u2019arbitrage et sa partialit\u00e9 apr\u00e8s notre but d\u2019\u00e9galisation, sans pour autant parler de l\u2019expulsion de Bourdim, le tournant du match, ainsi que le penalty accord\u00e9 \u00e0 l\u2019ASO.\u00a0 Je n\u2019ai pas pour habitude de critiquer les arbitres, mais ce qui s\u2019est pass\u00e9 \u00e0 Chlef est inadmissible et c\u2019est la raison pour laquelle nous allons r\u00e9diger un rapport qu\u2019on adressera aux instances comp\u00e9tentes pour qu\u2019elle prenne les mesures n\u00e9cessaires.\u00bb<br \/><strong>\u00abNous allons d\u00e9fendre les int\u00e9r\u00eats du MCA et d\u00e9sormais, on saura prendre les mesures n\u00e9cessaires\u00bb<\/strong><br \/>Toujours dans le m\u00eame sens, Sakhri ajoute : \u00abComme je l\u2019ai dit, nous n\u2019allons pas baisser les bras et nous allons d\u00e9fendre les int\u00e9r\u00eats du Mouloudia. Dor\u00e9navant, on saura prendre les mesures n\u00e9cessaires, car il est inadmissible que notre \u00e9quipe soit p\u00e9nalis\u00e9e \u00e0 chaque fois. Lorsque le Mouloudia \u00e9volue en dehors de ses bases, on sent que le club est cibl\u00e9 et je ne sais pour quelle raison.\u00bb<br \/><strong>\u00abCette d\u00e9faite n\u2019influera aucunement sur le moral des joueurs et le MCA atteindra ses objectifs\u00bb<\/strong><br \/>Sachant que le MCA a perdu son second match depuis l\u2019entame du championnat et cela apr\u00e8s la d\u00e9faite conc\u00e9d\u00e9e au Clasico, cette contre-performance n\u2019est pas faite pour arranger l\u2019\u00e9quipe avant le derby face au CRB et pourra m\u00eame influer sur le moral des joueurs. \u00abCette d\u00e9faite nous a fait mal, car sur le terrain on pouvait aspirer \u00e0 mieux, mais celle-ci n\u2019influera aucunement sur le moral des troupes pour le prochain match face au CRB. Notre groupe est exp\u00e9riment\u00e9 et persuad\u00e9 qu\u2019on atteindra nos objectifs, \u00e0 commencer par cette phase aller qu\u2019on terminera en force\u00bb, dira Sakhri<br \/><strong>\u00abLe MCA, une \u00e9quipe \u00e0 battre et ce qu\u2019on subit en d\u00e9placement est anormal\u00bb<\/strong><br \/>Avant de conclure, Sakhri n\u2019a pas manqu\u00e9 de dire : \u00abComme je l\u2019ai dit, il y a un acharnement sur le Mouloudia qui est devenu une \u00e9quipe \u00e0 battre. Ce qu\u2019on subit \u00e0 l\u2019ext\u00e9rieur est mal sain. On accepte sportivement la d\u00e9faite lorsqu\u2019on l\u2019a m\u00e9rite, mais pas comme nous avons \u00e9t\u00e9 trait\u00e9s contre l\u2019ASO.\u00bb<\/p>\n<p><strong>Publi\u00e9 dans :<\/strong> <span>mca<\/span> <span>CRB<\/span> <span>Bologhine<\/span> <span>Sakhri<\/span><\/p>\n<\/div>\n<p>Auteur:<br \/>\n<a href=\"http:\/\/www.lebuteur.com\/article\/detail?titre=mca-sakhri-le-derby-face-au-crb-se-jouera-a-bologhine-et-nulle-part-ailleurs&#038;id=93157&#038;utm_source=feedburner&#038;utm_medium=feed&#038;utm_campaign=Feed%3A+GalerieFArtciles+%28Les+derniers+articles++-+lebuteur.com%29\">Cliquez ici pour lire l&rsquo;article depuis sa source.<\/a><\/p>\n","protected":false},"excerpt":{"rendered":"<p>Auteur : Kamel M. lundi 25 novembre 2019 15:25 Tr\u00e8s d\u00e9\u00e7u \u00e9tait le directeur g\u00e9n\u00e9ral sportif du Mouloudia, \u00e0 l\u2019issue de la d\u00e9faite de son \u00e9quipe face \u00e0 son ancienne \u00e9quipe qu\u2019il a qualifi\u00e9e d\u2019injuste, en imputant la responsabilit\u00e9 de cet \u00e9chec au directeur du jeu qui, de son avis, a d\u00e9cid\u00e9 du sort de [&hellip;]<\/p>\n","protected":false},"author":1738,"featured_media":68524,"comment_status":"closed","ping_status":"closed","sticky":false,"template":"","format":"standard","meta":{"fifu_image_url":"","fifu_image_alt":"","footnotes":""},"categories":[53,75],"tags":[],"class_list":["post-68523","post","type-post","status-publish","format-standard","has-post-thumbnail","hentry","category-algerie","category-sport"],"_links":{"self":[{"href":"https:\/\/linitiative.ca\/International\/wp-json\/wp\/v2\/posts\/68523","targetHints":{"allow":["GET"]}}],"collection":[{"href":"https:\/\/linitiative.ca\/International\/wp-json\/wp\/v2\/posts"}],"about":[{"href":"https:\/\/linitiative.ca\/International\/wp-json\/wp\/v2\/types\/post"}],"author":[{"embeddable":true,"href":"https:\/\/linitiative.ca\/International\/wp-json\/wp\/v2\/users\/1738"}],"replies":[{"embeddable":true,"href":"https:\/\/linitiative.ca\/International\/wp-json\/wp\/v2\/comments?post=68523"}],"version-history":[{"count":0,"href":"https:\/\/linitiative.ca\/International\/wp-json\/wp\/v2\/posts\/68523\/revisions"}],"wp:featuredmedia":[{"embeddable":true,"href":"https:\/\/linitiative.ca\/International\/wp-json\/"}],"wp:attachment":[{"href":"https:\/\/linitiative.ca\/International\/wp-json\/wp\/v2\/media?parent=68523"}],"wp:term":[{"taxonomy":"category","embeddable":true,"href":"https:\/\/linitiative.ca\/International\/wp-json\/wp\/v2\/categories?post=68523"},{"taxonomy":"post_tag","embeddable":true,"href":"https:\/\/linitiative.ca\/International\/wp-json\/wp\/v2\/tags?post=68523"}],"curies":[{"name":"wp","href":"https:\/\/api.w.org\/{rel}","templated":true}]}}