{"id":68525,"date":"2019-11-25T15:14:23","date_gmt":"2019-11-25T20:14:23","guid":{"rendered":"https:\/\/linitiative.ca\/International\/international-psg-la-reponse-de-tuchel-a-zidane-concernant-mbappe\/"},"modified":"2019-11-25T15:14:23","modified_gmt":"2019-11-25T20:14:23","slug":"international-psg-la-reponse-de-tuchel-a-zidane-concernant-mbappe","status":"publish","type":"post","link":"https:\/\/linitiative.ca\/International\/international-psg-la-reponse-de-tuchel-a-zidane-concernant-mbappe\/","title":{"rendered":"International : PSG : La r\u00e9ponse de Tuchel \u00e0 Zidane concernant Mbapp\u00e9"},"content":{"rendered":"<div readability=\"32\">\n<p>Auteur : <span class=\"time\">lundi 25 novembre 2019 20:20<\/span><\/p>\n<\/div>\n<div id=\"post_core\" readability=\"46\">\n<p>Grand fan de Kylian Mbapp\u00e9 (20 ans), l\u2019entra\u00eeneur du Real Madrid Zin\u00e9dine Zidane a fait une v\u00e9ritable d\u00e9claration d\u2019amour \u00e0 l\u2019attaquant du PSG. Lanc\u00e9 sur la sortie de son homologue madril\u00e8ne, \u00e0 la veille de leur confrontation en Ligue des Champions mardi (21h), le coach parisien Thomas Tuchel a r\u00e9pondu avec humour et autorit\u00e9.<\/p>\n<p>\u00ab\u00a0Je ne sais pas comment Zidane est amoureux de notre joueur mais on l&rsquo;aime aussi, a r\u00e9agi l\u2019Allemand face aux m\u00e9dias. C&rsquo;est notre joueur. Nous sommes tr\u00e8s heureux qu&rsquo;il soit l\u00e0. Quelques fois, tu aimes beaucoup des personnes que tu ne peux pas avoir. Malheureusement pour Zin\u00e9dine, c&rsquo;est notre joueur.\u00a0\u00bb Des propos relay\u00e9s par Maxifoot.<\/p>\n<p><strong>Publi\u00e9 dans :<\/strong> <span>PSG<\/span><\/p>\n<\/div>\n<p>Auteur:<br \/>\n<a href=\"http:\/\/www.lebuteur.com\/article\/detail?titre=psg-la-reponse-de-tuchel-a-zidane-concernant-mbappe&#038;id=93177&#038;utm_source=feedburner&#038;utm_medium=feed&#038;utm_campaign=Feed%3A+GalerieFArtciles+%28Les+derniers+articles++-+lebuteur.com%29\">Cliquez ici pour lire l&rsquo;article depuis sa source.<\/a><\/p>\n","protected":false},"excerpt":{"rendered":"<p>Auteur : lundi 25 novembre 2019 20:20 Grand fan de Kylian Mbapp\u00e9 (20 ans), l\u2019entra\u00eeneur du Real Madrid Zin\u00e9dine Zidane a fait une v\u00e9ritable d\u00e9claration d\u2019amour \u00e0 l\u2019attaquant du PSG. Lanc\u00e9 sur la sortie de son homologue madril\u00e8ne, \u00e0 la veille de leur confrontation en Ligue des Champions mardi (21h), le coach parisien Thomas Tuchel [&hellip;]<\/p>\n","protected":false},"author":1738,"featured_media":68526,"comment_status":"closed","ping_status":"closed","sticky":false,"template":"","format":"standard","meta":{"fifu_image_url":"","fifu_image_alt":"","footnotes":""},"categories":[53,75],"tags":[],"class_list":["post-68525","post","type-post","status-publish","format-standard","has-post-thumbnail","hentry","category-algerie","category-sport"],"_links":{"self":[{"href":"https:\/\/linitiative.ca\/International\/wp-json\/wp\/v2\/posts\/68525","targetHints":{"allow":["GET"]}}],"collection":[{"href":"https:\/\/linitiative.ca\/International\/wp-json\/wp\/v2\/posts"}],"about":[{"href":"https:\/\/linitiative.ca\/International\/wp-json\/wp\/v2\/types\/post"}],"author":[{"embeddable":true,"href":"https:\/\/linitiative.ca\/International\/wp-json\/wp\/v2\/users\/1738"}],"replies":[{"embeddable":true,"href":"https:\/\/linitiative.ca\/International\/wp-json\/wp\/v2\/comments?post=68525"}],"version-history":[{"count":0,"href":"https:\/\/linitiative.ca\/International\/wp-json\/wp\/v2\/posts\/68525\/revisions"}],"wp:featuredmedia":[{"embeddable":true,"href":"https:\/\/linitiative.ca\/International\/wp-json\/"}],"wp:attachment":[{"href":"https:\/\/linitiative.ca\/International\/wp-json\/wp\/v2\/media?parent=68525"}],"wp:term":[{"taxonomy":"category","embeddable":true,"href":"https:\/\/linitiative.ca\/International\/wp-json\/wp\/v2\/categories?post=68525"},{"taxonomy":"post_tag","embeddable":true,"href":"https:\/\/linitiative.ca\/International\/wp-json\/wp\/v2\/tags?post=68525"}],"curies":[{"name":"wp","href":"https:\/\/api.w.org\/{rel}","templated":true}]}}