{"id":68531,"date":"2019-11-25T10:46:00","date_gmt":"2019-11-25T15:46:00","guid":{"rendered":"https:\/\/linitiative.ca\/International\/le-fln-soutient-la-presidentielle-mais-pas-un-candidat\/"},"modified":"2019-11-25T10:46:00","modified_gmt":"2019-11-25T15:46:00","slug":"le-fln-soutient-la-presidentielle-mais-pas-un-candidat","status":"publish","type":"post","link":"https:\/\/linitiative.ca\/International\/le-fln-soutient-la-presidentielle-mais-pas-un-candidat\/","title":{"rendered":"Le FLN soutient la pr\u00e9sidentielle mais pas un candidat"},"content":{"rendered":"<p><br id=\"sep_para_1\" class=\"sep_para access\"\/><\/p>\n<div id=\"para_1\" class=\"para_34191558 resize\">\n<div class=\"texte access firstletter\">Le secr\u00e9taire g\u00e9n\u00e9ral par int\u00e9rim du FLN a d\u00e9clar\u00e9 lundi que son parti s\u2019engage \u00e0 fond \u00e0 soutenir les \u00e9lections pr\u00e9sidentielles mais sans cit\u00e9 le\u00a0 candidat favori pour le FLN. En effet,\u00a0 Ali Seddiki, le secr\u00e9taire g\u00e9n\u00e9ral par int\u00e9rim, ajoutant que des militants qui ont pris position pour tel ou tel candidat publiquement vont devoir se retirer, suite \u00e0 l\u2019instruction \u00e9crite de la direction. \u00ab Nous soutenons avec force la pr\u00e9sidentielle et nos bases sont mobilis\u00e9es par une participation massive, en attendant la position officielle de notre parti concernant le soutien ou non d\u2019un des cinq candidats \u00bb, a-t-il soutenu lundi.\u00a0 Pour Ali Seddiki , les militants et cadres du parti qui ont int\u00e9gr\u00e9 les directions de campagne\u00a0 de certains candidats comme Annaba, Mascara, Chlef, sont consid\u00e9r\u00e9s comme\u00a0 des \u00ab rebelles \u00bb qui sont sur des positions personnelles qui n\u2019engagent\u00a0 nullement le parti, lequel insiste t-il,\u00a0 n\u2019a pas encore tranch\u00e9 s\u2019agissant de savoir \u00e0 qui donner ou\u00a0\u00a0 pas le gisement de voix\u00a0 du parti.<\/div>\n<\/div>\n<p>Auteur: R\u00e9flexion<br \/>\n<a href=\"https:\/\/www.reflexiondz.net\/Le-FLN-soutient-la-presidentielle-mais-pas-un-candidat_a59025.html\">Cliquez ici pour lire l&rsquo;article depuis sa source.<\/a><\/p>\n","protected":false},"excerpt":{"rendered":"<p>Le secr\u00e9taire g\u00e9n\u00e9ral par int\u00e9rim du FLN a d\u00e9clar\u00e9 lundi que son parti s\u2019engage \u00e0 fond \u00e0 soutenir les \u00e9lections pr\u00e9sidentielles mais sans cit\u00e9 le\u00a0 candidat favori pour le FLN. En effet,\u00a0 Ali Seddiki, le secr\u00e9taire g\u00e9n\u00e9ral par int\u00e9rim, ajoutant que des militants qui ont pris position pour tel ou tel candidat publiquement vont devoir [&hellip;]<\/p>\n","protected":false},"author":1740,"featured_media":0,"comment_status":"closed","ping_status":"closed","sticky":false,"template":"","format":"standard","meta":{"fifu_image_url":"","fifu_image_alt":"","footnotes":""},"categories":[53,76],"tags":[],"class_list":["post-68531","post","type-post","status-publish","format-standard","hentry","category-algerie","category-regions"],"_links":{"self":[{"href":"https:\/\/linitiative.ca\/International\/wp-json\/wp\/v2\/posts\/68531","targetHints":{"allow":["GET"]}}],"collection":[{"href":"https:\/\/linitiative.ca\/International\/wp-json\/wp\/v2\/posts"}],"about":[{"href":"https:\/\/linitiative.ca\/International\/wp-json\/wp\/v2\/types\/post"}],"author":[{"embeddable":true,"href":"https:\/\/linitiative.ca\/International\/wp-json\/wp\/v2\/users\/1740"}],"replies":[{"embeddable":true,"href":"https:\/\/linitiative.ca\/International\/wp-json\/wp\/v2\/comments?post=68531"}],"version-history":[{"count":0,"href":"https:\/\/linitiative.ca\/International\/wp-json\/wp\/v2\/posts\/68531\/revisions"}],"wp:attachment":[{"href":"https:\/\/linitiative.ca\/International\/wp-json\/wp\/v2\/media?parent=68531"}],"wp:term":[{"taxonomy":"category","embeddable":true,"href":"https:\/\/linitiative.ca\/International\/wp-json\/wp\/v2\/categories?post=68531"},{"taxonomy":"post_tag","embeddable":true,"href":"https:\/\/linitiative.ca\/International\/wp-json\/wp\/v2\/tags?post=68531"}],"curies":[{"name":"wp","href":"https:\/\/api.w.org\/{rel}","templated":true}]}}