{"id":68532,"date":"2019-11-25T10:46:00","date_gmt":"2019-11-25T15:46:00","guid":{"rendered":"https:\/\/linitiative.ca\/International\/tebboune-exige-des-excuses-du-maroc\/"},"modified":"2019-11-25T10:46:00","modified_gmt":"2019-11-25T15:46:00","slug":"tebboune-exige-des-excuses-du-maroc","status":"publish","type":"post","link":"https:\/\/linitiative.ca\/International\/tebboune-exige-des-excuses-du-maroc\/","title":{"rendered":"Tebboune exige des excuses  du Maroc"},"content":{"rendered":"<p><br id=\"sep_para_1\" class=\"sep_para access\"\/><\/p>\n<div id=\"para_1\" class=\"para_34191556 resize\">\n<div class=\"texte access firstletter\">Evoquant la question de la r\u00e9ouverture des fronti\u00e8res avec le Maroc, l\u2019ex premier ministre, candidat \u00e0 l&rsquo;\u00e9lection pr\u00e9sidentielle du 12 d\u00e9cembre Abdelmadjid Tebboune a violemment attaqu\u00e9 le Maroc lors d&rsquo;une conf\u00e9rence de presse et suite \u00e0 une question sur la r\u00e9ouverture des fronti\u00e8res.\u00a0 Pour lui, le Maroc doit avant tout s&rsquo;excuser aupr\u00e8s du peuple alg\u00e9rien. Il ne ferme cependant pas les portes \u00e0 une r\u00e9ouverture de la fronti\u00e8re entre deux pays. \u00ab Les fronti\u00e8res peuvent \u00eatre rouvertes un jour. Mais ils doivent s&rsquo;excuser. Les fronti\u00e8res n&rsquo;ont pas \u00e9t\u00e9 ferm\u00e9es \u00e0 cause du Sahara occidental. On ne doit pas falsifier la r\u00e9alit\u00e9 \u00bb, a affirm\u00e9 Tebboune. Il rappelle que les Alg\u00e9riens avaient subi des violences \u00e0 l&rsquo;\u00e9poque. \u00ab Ils \u00e9taient violent\u00e9s de partout, mais pas du peuple marocain qui a aid\u00e9 les Alg\u00e9riens \u00e0 fuir et \u00e0 lui faire passer la fronti\u00e8re \u00bb, a-t-il ajout\u00e9. Pour l&rsquo;ex-Premier ministre, l&rsquo;attentat de Marrakech en 1994 a fait trembler \u00ab\u00a0le lobby\u00a0\u00bb qu&rsquo;il y avait au Maroc. Il sugg\u00e8re m\u00eame que c&rsquo;est ce lobby qui a d\u00e9cid\u00e9 de la marche \u00e0 suivre ce jour. Le candidat \u00e0 la pr\u00e9sidentielle rappelle aussi la d\u00e9cision du royaume d&rsquo;imposer le visa aux Alg\u00e9riens \u00e0 un moment o\u00f9 l&rsquo;Alg\u00e9rie souffrait d&rsquo;un embargo international.<\/div>\n<\/div>\n<p>Auteur: R\u00e9flexion<br \/>\n<a href=\"https:\/\/www.reflexiondz.net\/Tebboune-exige-des-excuses-du-Maroc_a59024.html\">Cliquez ici pour lire l&rsquo;article depuis sa source.<\/a><\/p>\n","protected":false},"excerpt":{"rendered":"<p>Evoquant la question de la r\u00e9ouverture des fronti\u00e8res avec le Maroc, l\u2019ex premier ministre, candidat \u00e0 l&rsquo;\u00e9lection pr\u00e9sidentielle du 12 d\u00e9cembre Abdelmadjid Tebboune a violemment attaqu\u00e9 le Maroc lors d&rsquo;une conf\u00e9rence de presse et suite \u00e0 une question sur la r\u00e9ouverture des fronti\u00e8res.\u00a0 Pour lui, le Maroc doit avant tout s&rsquo;excuser aupr\u00e8s du peuple alg\u00e9rien. [&hellip;]<\/p>\n","protected":false},"author":1740,"featured_media":0,"comment_status":"closed","ping_status":"closed","sticky":false,"template":"","format":"standard","meta":{"fifu_image_url":"","fifu_image_alt":"","footnotes":""},"categories":[53,76],"tags":[],"class_list":["post-68532","post","type-post","status-publish","format-standard","hentry","category-algerie","category-regions"],"_links":{"self":[{"href":"https:\/\/linitiative.ca\/International\/wp-json\/wp\/v2\/posts\/68532","targetHints":{"allow":["GET"]}}],"collection":[{"href":"https:\/\/linitiative.ca\/International\/wp-json\/wp\/v2\/posts"}],"about":[{"href":"https:\/\/linitiative.ca\/International\/wp-json\/wp\/v2\/types\/post"}],"author":[{"embeddable":true,"href":"https:\/\/linitiative.ca\/International\/wp-json\/wp\/v2\/users\/1740"}],"replies":[{"embeddable":true,"href":"https:\/\/linitiative.ca\/International\/wp-json\/wp\/v2\/comments?post=68532"}],"version-history":[{"count":0,"href":"https:\/\/linitiative.ca\/International\/wp-json\/wp\/v2\/posts\/68532\/revisions"}],"wp:attachment":[{"href":"https:\/\/linitiative.ca\/International\/wp-json\/wp\/v2\/media?parent=68532"}],"wp:term":[{"taxonomy":"category","embeddable":true,"href":"https:\/\/linitiative.ca\/International\/wp-json\/wp\/v2\/categories?post=68532"},{"taxonomy":"post_tag","embeddable":true,"href":"https:\/\/linitiative.ca\/International\/wp-json\/wp\/v2\/tags?post=68532"}],"curies":[{"name":"wp","href":"https:\/\/api.w.org\/{rel}","templated":true}]}}