{"id":68534,"date":"2019-11-25T10:46:00","date_gmt":"2019-11-25T15:46:00","guid":{"rendered":"https:\/\/linitiative.ca\/International\/logements-aadl-remise-des-cles-aux-beneficiaires-a-adrar\/"},"modified":"2019-11-25T10:46:00","modified_gmt":"2019-11-25T15:46:00","slug":"logements-aadl-remise-des-cles-aux-beneficiaires-a-adrar","status":"publish","type":"post","link":"https:\/\/linitiative.ca\/International\/logements-aadl-remise-des-cles-aux-beneficiaires-a-adrar\/","title":{"rendered":"LOGEMENTS AADL  : Remise des cl\u00e9s aux b\u00e9n\u00e9ficiaires \u00e0 Adrar"},"content":{"rendered":"<p><br id=\"sep_para_1\" class=\"sep_para access\"\/><\/p>\n<div id=\"para_1\" class=\"para_34191538 resize\">\n<div class=\"texte access firstletter\">Le ministre de l&rsquo;Habitat, de l&rsquo;Urbanisme et de la Ville, Kamel Beldjoud a supervis\u00e9, \u00e0 Adrar, la c\u00e9r\u00e9monie de remise des cl\u00e9s \u00e0 certains b\u00e9n\u00e9ficiaires de logements AADL. Lors de cette c\u00e9r\u00e9monie, le ministre a indiqu\u00e9 que cette ann\u00e9e a connu la distribution de 67.000 logements du programme AADL au niveau national, alors que la prochaine ann\u00e9e verra la distribution de 160.000 logements de la m\u00eame formule, soulignant que toutes les mesures ont \u00e9t\u00e9 prises pour parvenir \u00e0 cet objectif. Plut\u00f4t, le ministre a inspect\u00e9 un chantier d&rsquo;am\u00e9nagement urbain des 10 lotissements \u00e0 l&rsquo;ouest de la ville d&rsquo;Adrar, qui comptent le total de 2.752 parcelles de terrain \u00e0 usage d&rsquo;habitation. L&rsquo;op\u00e9ration comporte des travaux de r\u00e9alisation des diff\u00e9rents r\u00e9seaux, de l&rsquo;\u00e9clairage public et des voiries.\u00a0\u00a0 Le ministre a soulign\u00e9, dans ce sens, l&rsquo;imp\u00e9ratif lancement des diff\u00e9rentes op\u00e9rations d&rsquo;am\u00e9nagement urbain au niveau des diff\u00e9rents lotissements et leur parach\u00e8vement avant l&rsquo;affectation des aides financi\u00e8res \u00e0 m\u00eame d&rsquo;\u00e9viter les retards de ces travaux devant nuire aux citoyens b\u00e9n\u00e9ficiaires apr\u00e8s la r\u00e9alisation de leurs logements. Il a appel\u00e9, en outre, \u00e0 prendre en consid\u00e9ration l&rsquo;affectation d&rsquo;assiettes fonci\u00e8res aux diff\u00e9rentes structures publiques n\u00e9cessaires parmi ces lotissements, \u00e0 l&rsquo;image des structures \u00e9ducatives, sanitaires et autres espaces publics ayant trait \u00e0 la vie quotidienne du citoyen, en respectant le caract\u00e8re urbanistique local.<\/div>\n<\/div>\n<p>Auteur: Nadine<br \/>\n<a href=\"https:\/\/www.reflexiondz.net\/LOGEMENTS-AADL-Remise-des-cles-aux-beneficiaires-a-Adrar_a59020.html\">Cliquez ici pour lire l&rsquo;article depuis sa source.<\/a><\/p>\n","protected":false},"excerpt":{"rendered":"<p>Le ministre de l&rsquo;Habitat, de l&rsquo;Urbanisme et de la Ville, Kamel Beldjoud a supervis\u00e9, \u00e0 Adrar, la c\u00e9r\u00e9monie de remise des cl\u00e9s \u00e0 certains b\u00e9n\u00e9ficiaires de logements AADL. Lors de cette c\u00e9r\u00e9monie, le ministre a indiqu\u00e9 que cette ann\u00e9e a connu la distribution de 67.000 logements du programme AADL au niveau national, alors que la [&hellip;]<\/p>\n","protected":false},"author":1740,"featured_media":0,"comment_status":"closed","ping_status":"closed","sticky":false,"template":"","format":"standard","meta":{"fifu_image_url":"","fifu_image_alt":"","footnotes":""},"categories":[53,76],"tags":[],"class_list":["post-68534","post","type-post","status-publish","format-standard","hentry","category-algerie","category-regions"],"_links":{"self":[{"href":"https:\/\/linitiative.ca\/International\/wp-json\/wp\/v2\/posts\/68534","targetHints":{"allow":["GET"]}}],"collection":[{"href":"https:\/\/linitiative.ca\/International\/wp-json\/wp\/v2\/posts"}],"about":[{"href":"https:\/\/linitiative.ca\/International\/wp-json\/wp\/v2\/types\/post"}],"author":[{"embeddable":true,"href":"https:\/\/linitiative.ca\/International\/wp-json\/wp\/v2\/users\/1740"}],"replies":[{"embeddable":true,"href":"https:\/\/linitiative.ca\/International\/wp-json\/wp\/v2\/comments?post=68534"}],"version-history":[{"count":0,"href":"https:\/\/linitiative.ca\/International\/wp-json\/wp\/v2\/posts\/68534\/revisions"}],"wp:attachment":[{"href":"https:\/\/linitiative.ca\/International\/wp-json\/wp\/v2\/media?parent=68534"}],"wp:term":[{"taxonomy":"category","embeddable":true,"href":"https:\/\/linitiative.ca\/International\/wp-json\/wp\/v2\/categories?post=68534"},{"taxonomy":"post_tag","embeddable":true,"href":"https:\/\/linitiative.ca\/International\/wp-json\/wp\/v2\/tags?post=68534"}],"curies":[{"name":"wp","href":"https:\/\/api.w.org\/{rel}","templated":true}]}}