{"id":68539,"date":"2019-11-25T09:59:00","date_gmt":"2019-11-25T14:59:00","guid":{"rendered":"https:\/\/linitiative.ca\/International\/le-40e-jour-du-deces-de-brahim-khouaja-le-temoignage-de-raouf-chkir-et-hedi-zeghal-album-photos\/"},"modified":"2019-11-25T09:59:00","modified_gmt":"2019-11-25T14:59:00","slug":"le-40e-jour-du-deces-de-brahim-khouaja-le-temoignage-de-raouf-chkir-et-hedi-zeghal-album-photos","status":"publish","type":"post","link":"https:\/\/linitiative.ca\/International\/le-40e-jour-du-deces-de-brahim-khouaja-le-temoignage-de-raouf-chkir-et-hedi-zeghal-album-photos\/","title":{"rendered":"Le 40e jour du d\u00e9c\u00e8s de Brahim Khouaja: Le t\u00e9moignage de Raouf Chkir et H\u00e9di Zeghal (Album Photos)"},"content":{"rendered":"<p>Une brillante \u00e9toile du monde des t\u00e9l\u00e9communications en Tunisie s\u2019est tristement \u00e9teinte, suite \u00e0 la brusque disparition de Si Brahim Khouaja, qui a plong\u00e9 tous ceux qui l\u2019ont connu dans une profonde et douloureuse stupeur. Connu notamment par ses qualit\u00e9s humaines et profond\u00e9ment impr\u00e9gn\u00e9 des r\u00e8gles de respect des autres, ce fut un ing\u00e9nieur exceptionnel dot\u00e9 d\u2019une excellente connaissance du domaine des t\u00e9l\u00e9communications et surtout d\u2019une conscience professionnelle sans limites. Nous donnons ci-apr\u00e8s un bref aper\u00e7u de ses principales participations dans l\u2019\u00e9panouissement du secteur des t\u00e9l\u00e9communications dans notre pays et m\u00eame hors des fronti\u00e8res.<\/p>\n<p>Sur le plan national:<\/p>\n<p>Si Brahim\u00a0a toujours cherch\u00e9 et encourag\u00e9 les comp\u00e9tences parmi les \u00e9l\u00e8ves de Sup-Telecom \u00e0 int\u00e9grer le minist\u00e8re :<\/p>\n<p><span class=\"c3\">Il<\/span> a largement contribu\u00e9 au renforcement de la formation des cadres dont il fit sa priorit\u00e9, en cr\u00e9ant l\u2019Ecole des PTT, devenue par la suite une \u00e9cole sp\u00e9cialis\u00e9e dans le domaine des t\u00e9l\u00e9communications (SUP COM) qui fournit la majorit\u00e9 des ing\u00e9nieurs pour la r\u00e9alisation, l\u2019entretien et la maintenance des r\u00e9seaux de t\u00e9l\u00e9communications.<br \/><span class=\"c3\">\u2022<\/span> A mis \u00e0 contribution ses nombreuses et efficaces relations personnelles, notamment au sein de l\u2019Union internationale des t\u00e9l\u00e9communications (UIT) pour constituer les normes et les principes de base pour la gestion du r\u00e9seau national des t\u00e9l\u00e9communications et du personnel y affect\u00e9.<br \/><span class=\"c3\">\u2022<\/span> A toujours r\u00e9serv\u00e9 une priorit\u00e9 absolue aux relations humaines et a toujours trouv\u00e9 une solution aux probl\u00e8mes que rencontre le personnel.<br \/><span class=\"c3\">\u2022<\/span> Sous son impulsion, toutes les nouvelles technologies \u00e9taient adopt\u00e9es tr\u00e8s t\u00f4t dans le r\u00e9seau tunisien, aussi bien en analogique qu\u2019en num\u00e9rique.<\/p>\n<p>Sur le plan international<\/p>\n<p>Si Brahim a toujours \u00e9t\u00e9 attach\u00e9 \u00e0 la consolidation de la coop\u00e9ration internationale. A cet effet, sa premi\u00e8re mission a \u00e9t\u00e9 la sous-traitance d\u2019un projet de mise en place du premier r\u00e9seau de faisceaux hertziens en Libye.<\/p>\n<p>De m\u00eame, pendant la p\u00e9riode du p\u00e8lerinage, avec ses relations personnelles, \u00e0 l\u2019\u00e9poque o\u00f9 le t\u00e9l\u00e9phone \u00e9tait embryonnaire dans les pays musulmans, il \u00e9tablira des liaisons t\u00e9l\u00e9phoniques directes avec l\u2019Arabie Saoudite pour soulager les op\u00e9ratrices du pays et faciliter l\u2019\u00e9coulement de leur trafic. Il proposera aussi une assistance technique pour traiter les factures t\u00e9l\u00e9phoniques par des moyens informatiques. Il mettra en outre des techniciens \u00e0 la disposition\u00a0 de ces pays pour les assister dans l\u2019entretien et la maintenance de leur r\u00e9seau. Il en fera de m\u00eame avec le Kowe\u00eft.<\/p>\n<p>Toujours gr\u00e2ce \u00e0 ses relations personnelles, il sera \u00e0 la base du choix de la Tunisie pour l\u2019implantation de la Station secondaire de contr\u00f4le et de suivi du satellite arabe ARABSAT, malgr\u00e9 la modestie de notre participation \u00e0 son financement. Avec l\u2019Europe, apr\u00e8s la pose du premier et du deuxi\u00e8me c\u00e2ble sous-marin Tunisie-France, un int\u00e9r\u00eat particulier a \u00e9t\u00e9 r\u00e9serv\u00e9 au d\u00e9veloppement du r\u00e9seau international de la Tunisie, particuli\u00e8rement \u00e0 travers le r\u00e9seau SEA ME WE reliant les pays de l\u2019oc\u00e9an Indien aux pays europ\u00e9ens et c\u2019est gr\u00e2ce \u00e0 son insistance et toujours \u00e0 ses relations personnelles qu\u2019il est parvenu \u00e0 convaincre ses partenaires pour faire passer ces c\u00e2bles par la Tunisie (Bizerte). Apr\u00e8s avoir pass\u00e9 en revue toutes ces prouesses techniques et scientifiques de Si Brahim, nous ne pouvons terminer cette modeste contribution sans rappeler ses qualit\u00e9s morales et humaines. Si Brahim \u00e9tait d\u2019une compagnie tr\u00e8s agr\u00e9able, caract\u00e9ris\u00e9e essentiellement par son profond amour pour l\u2019Histoire et ses agr\u00e9ables anecdotes d\u2019humour raffin\u00e9. Je n\u2019oublierai\u00a0 jamais\u00a0 \u00e0 ce propos sa r\u00e9plique aux diverses interventions\u00a0 au cours de l\u2019une de ses r\u00e9unions p\u00e9riodiques avec les cadres, qui ne cessaient de r\u00e9p\u00e9ter \u00abIl faut\u2026.il faut\u2026.\u00bb! Je ne veux plus entendre cette r\u00e9plique! Dites plut\u00f4t \u00abJe faux\u2026.je faux\u2026\u00bb Leur dit-il d\u2019un ton qui a mis une agr\u00e9able note d\u2019humour et de gaiet\u00e9 parmi toute l\u2019assistance.<\/p>\n<p class=\"c4\">Paix \u00e0 ton \u00e2me bien cher Si Brahim !<\/p>\n<p class=\"c5\"><strong>Raouf Chkir et H\u00e9di Zeghal<\/strong><\/p>\n<p class=\"c4\"><strong>Lire aussi<\/strong><\/p>\n<p class=\"c4\"><a href=\"https:\/\/www.leaders.com.tn\/article\/28217-brahim-khouaja-ancien-ministre-des-telecoms-est-decede\" target=\"_blank\" rel=\"noopener noreferrer\">Brahim Khouaja, ancien ministre des Telecoms est d\u00e9c\u00e9d\u00e9<\/a><br \/>\u00a0<\/p>\n<p>Auteur:<br \/>\n<a href=\"https:\/\/www.leaders.com.tn\/article\/28502-le-40e-jour-du-deces-de-brahim-khouaja-le-temoignage-de-raouf-chkir-et-hedi-zeghal-album-photos\">Cliquez ici pour lire l&rsquo;article depuis sa source.<\/a><\/p>\n","protected":false},"excerpt":{"rendered":"<p>Une brillante \u00e9toile du monde des t\u00e9l\u00e9communications en Tunisie s\u2019est tristement \u00e9teinte, suite \u00e0 la brusque disparition de Si Brahim Khouaja, qui a plong\u00e9 tous ceux qui l\u2019ont connu dans une profonde et douloureuse stupeur. Connu notamment par ses qualit\u00e9s humaines et profond\u00e9ment impr\u00e9gn\u00e9 des r\u00e8gles de respect des autres, ce fut un ing\u00e9nieur exceptionnel [&hellip;]<\/p>\n","protected":false},"author":1772,"featured_media":0,"comment_status":"closed","ping_status":"closed","sticky":false,"template":"","format":"standard","meta":{"fifu_image_url":"","fifu_image_alt":"","footnotes":""},"categories":[73,55],"tags":[],"class_list":["post-68539","post","type-post","status-publish","format-standard","hentry","category-actualite","category-tunisie"],"_links":{"self":[{"href":"https:\/\/linitiative.ca\/International\/wp-json\/wp\/v2\/posts\/68539","targetHints":{"allow":["GET"]}}],"collection":[{"href":"https:\/\/linitiative.ca\/International\/wp-json\/wp\/v2\/posts"}],"about":[{"href":"https:\/\/linitiative.ca\/International\/wp-json\/wp\/v2\/types\/post"}],"author":[{"embeddable":true,"href":"https:\/\/linitiative.ca\/International\/wp-json\/wp\/v2\/users\/1772"}],"replies":[{"embeddable":true,"href":"https:\/\/linitiative.ca\/International\/wp-json\/wp\/v2\/comments?post=68539"}],"version-history":[{"count":0,"href":"https:\/\/linitiative.ca\/International\/wp-json\/wp\/v2\/posts\/68539\/revisions"}],"wp:attachment":[{"href":"https:\/\/linitiative.ca\/International\/wp-json\/wp\/v2\/media?parent=68539"}],"wp:term":[{"taxonomy":"category","embeddable":true,"href":"https:\/\/linitiative.ca\/International\/wp-json\/wp\/v2\/categories?post=68539"},{"taxonomy":"post_tag","embeddable":true,"href":"https:\/\/linitiative.ca\/International\/wp-json\/wp\/v2\/tags?post=68539"}],"curies":[{"name":"wp","href":"https:\/\/api.w.org\/{rel}","templated":true}]}}