{"id":68543,"date":"2019-11-25T15:02:00","date_gmt":"2019-11-25T20:02:00","guid":{"rendered":"https:\/\/linitiative.ca\/International\/un-grand-miltant-des-droits-de-lhomme-nous-quitte-elhechmi-jegham\/"},"modified":"2019-11-25T15:02:00","modified_gmt":"2019-11-25T20:02:00","slug":"un-grand-miltant-des-droits-de-lhomme-nous-quitte-elhechmi-jegham","status":"publish","type":"post","link":"https:\/\/linitiative.ca\/International\/un-grand-miltant-des-droits-de-lhomme-nous-quitte-elhechmi-jegham\/","title":{"rendered":"Un grand miltant des droits de l&rsquo;homme nous quitte: Elhechmi  Jegham"},"content":{"rendered":"<p>Si Elhechmi Jegham n&rsquo;est plus. Grand militant des droits de l&rsquo;homme, il avait pr\u00e9sid\u00e9 la section tunisienne d&rsquo;Amnesty International et le Comit\u00e9 Sup\u00e9rieur des Droits de l&rsquo;Homme et des Libert\u00e9s Fondamentales.<\/p>\n<p>Il \u00e9tait aussi membre fondateur du Centre arabe pour l&rsquo;ind\u00e9pendance de la magistrature (Le Caire) en 1990 et vice-pr\u00e9sident du Centre tunisien pour l&rsquo;ind\u00e9pendance de la justice et des avocats.<\/p>\n<p>Auteur:<br \/>\n<a href=\"https:\/\/www.leaders.com.tn\/article\/28506-un-grand-miltant-des-droits-de-l-homme-nous-quitte-elhechmi-jegham\">Cliquez ici pour lire l&rsquo;article depuis sa source.<\/a><\/p>\n","protected":false},"excerpt":{"rendered":"<p>Si Elhechmi Jegham n&rsquo;est plus. Grand militant des droits de l&rsquo;homme, il avait pr\u00e9sid\u00e9 la section tunisienne d&rsquo;Amnesty International et le Comit\u00e9 Sup\u00e9rieur des Droits de l&rsquo;Homme et des Libert\u00e9s Fondamentales. Il \u00e9tait aussi membre fondateur du Centre arabe pour l&rsquo;ind\u00e9pendance de la magistrature (Le Caire) en 1990 et vice-pr\u00e9sident du Centre tunisien pour l&rsquo;ind\u00e9pendance [&hellip;]<\/p>\n","protected":false},"author":1772,"featured_media":0,"comment_status":"closed","ping_status":"closed","sticky":false,"template":"","format":"standard","meta":{"fifu_image_url":"","fifu_image_alt":"","footnotes":""},"categories":[73,55],"tags":[],"class_list":["post-68543","post","type-post","status-publish","format-standard","hentry","category-actualite","category-tunisie"],"_links":{"self":[{"href":"https:\/\/linitiative.ca\/International\/wp-json\/wp\/v2\/posts\/68543","targetHints":{"allow":["GET"]}}],"collection":[{"href":"https:\/\/linitiative.ca\/International\/wp-json\/wp\/v2\/posts"}],"about":[{"href":"https:\/\/linitiative.ca\/International\/wp-json\/wp\/v2\/types\/post"}],"author":[{"embeddable":true,"href":"https:\/\/linitiative.ca\/International\/wp-json\/wp\/v2\/users\/1772"}],"replies":[{"embeddable":true,"href":"https:\/\/linitiative.ca\/International\/wp-json\/wp\/v2\/comments?post=68543"}],"version-history":[{"count":0,"href":"https:\/\/linitiative.ca\/International\/wp-json\/wp\/v2\/posts\/68543\/revisions"}],"wp:attachment":[{"href":"https:\/\/linitiative.ca\/International\/wp-json\/wp\/v2\/media?parent=68543"}],"wp:term":[{"taxonomy":"category","embeddable":true,"href":"https:\/\/linitiative.ca\/International\/wp-json\/wp\/v2\/categories?post=68543"},{"taxonomy":"post_tag","embeddable":true,"href":"https:\/\/linitiative.ca\/International\/wp-json\/wp\/v2\/tags?post=68543"}],"curies":[{"name":"wp","href":"https:\/\/api.w.org\/{rel}","templated":true}]}}