{"id":68546,"date":"2019-11-25T05:00:00","date_gmt":"2019-11-25T10:00:00","guid":{"rendered":"https:\/\/linitiative.ca\/International\/reception-du-nouveau-port-de-bethioua-en-avril\/"},"modified":"2019-11-25T05:00:00","modified_gmt":"2019-11-25T10:00:00","slug":"reception-du-nouveau-port-de-bethioua-en-avril","status":"publish","type":"post","link":"https:\/\/linitiative.ca\/International\/reception-du-nouveau-port-de-bethioua-en-avril\/","title":{"rendered":"R\u00e9ception du nouveau port  de Bethioua en avril"},"content":{"rendered":"<p>Le groupe Serport s\u2019appr\u00eate \u00e0 la r\u00e9ception d\u2019un important quai min\u00e9ralier \u00e0 l\u2019est du port de Bethioua, \u00e0 Oran. Cette nouvelle infrastructure strat\u00e9gique, r\u00e9alis\u00e9e par des entreprises alg\u00e9riennes, sera inaugur\u00e9e, en effet, en avril 2020, avons-nous appris au niveau du si\u00e8ge du groupe \u00e0 la Safex o\u00f9 l\u2019on apprend, en outre, que ce port est con\u00e7u pour la r\u00e9ception de gros navires.<\/p>\n<p>Auteur:<br \/>\n<a href=\"https:\/\/www.lesoirdalgerie.com\/periscoop\/reception-du-nouveau-port-de-bethioua-en-avril-34137\">Cliquez ici pour lire l&rsquo;article depuis sa source.<\/a><\/p>\n","protected":false},"excerpt":{"rendered":"<p>Le groupe Serport s\u2019appr\u00eate \u00e0 la r\u00e9ception d\u2019un important quai min\u00e9ralier \u00e0 l\u2019est du port de Bethioua, \u00e0 Oran. Cette nouvelle infrastructure strat\u00e9gique, r\u00e9alis\u00e9e par des entreprises alg\u00e9riennes, sera inaugur\u00e9e, en effet, en avril 2020, avons-nous appris au niveau du si\u00e8ge du groupe \u00e0 la Safex o\u00f9 l\u2019on apprend, en outre, que ce port est [&hellip;]<\/p>\n","protected":false},"author":1741,"featured_media":0,"comment_status":"closed","ping_status":"closed","sticky":false,"template":"","format":"standard","meta":{"fifu_image_url":"","fifu_image_alt":"","footnotes":""},"categories":[73,53],"tags":[],"class_list":["post-68546","post","type-post","status-publish","format-standard","hentry","category-actualite","category-algerie"],"_links":{"self":[{"href":"https:\/\/linitiative.ca\/International\/wp-json\/wp\/v2\/posts\/68546","targetHints":{"allow":["GET"]}}],"collection":[{"href":"https:\/\/linitiative.ca\/International\/wp-json\/wp\/v2\/posts"}],"about":[{"href":"https:\/\/linitiative.ca\/International\/wp-json\/wp\/v2\/types\/post"}],"author":[{"embeddable":true,"href":"https:\/\/linitiative.ca\/International\/wp-json\/wp\/v2\/users\/1741"}],"replies":[{"embeddable":true,"href":"https:\/\/linitiative.ca\/International\/wp-json\/wp\/v2\/comments?post=68546"}],"version-history":[{"count":0,"href":"https:\/\/linitiative.ca\/International\/wp-json\/wp\/v2\/posts\/68546\/revisions"}],"wp:attachment":[{"href":"https:\/\/linitiative.ca\/International\/wp-json\/wp\/v2\/media?parent=68546"}],"wp:term":[{"taxonomy":"category","embeddable":true,"href":"https:\/\/linitiative.ca\/International\/wp-json\/wp\/v2\/categories?post=68546"},{"taxonomy":"post_tag","embeddable":true,"href":"https:\/\/linitiative.ca\/International\/wp-json\/wp\/v2\/tags?post=68546"}],"curies":[{"name":"wp","href":"https:\/\/api.w.org\/{rel}","templated":true}]}}