{"id":68548,"date":"2019-11-25T05:00:00","date_gmt":"2019-11-25T10:00:00","guid":{"rendered":"https:\/\/linitiative.ca\/International\/mosquee-boutef\/"},"modified":"2019-11-25T05:00:00","modified_gmt":"2019-11-25T10:00:00","slug":"mosquee-boutef","status":"publish","type":"post","link":"https:\/\/linitiative.ca\/International\/mosquee-boutef\/","title":{"rendered":"Mosqu\u00e9e Boutef"},"content":{"rendered":"<p><h5 class=\"title-populaires\">Les + <span>populaires<\/span> de la semaine<\/h5>\n<\/p>\n<div class=\"first-article article-paragraph\" readability=\"10.7224334601\"><a href=\"\/periscoop\/chakib-khelil-toujours-actif-34045\"\/><\/p>\n<div class=\"image\"><img class=\"lazy\" data-original=\"\/data\/images\/article\/thumbs\/ls-chakib-khelil-toujours-actif-95d16.jpg\"\/><\/p>\n<p><span>1<\/span><\/p>\n<\/div>\n<p class=\"type-date\"><span>P\u00e9riscoop<\/span> 11:00 | 23-11-2019<\/p>\n<h5 class=\"first-title\"><a href=\"\/periscoop\/chakib-khelil-toujours-actif-34045\"\/><\/h5>\n<h5 class=\"title\"><a href=\"\/periscoop\/chakib-khelil-toujours-actif-34045\">Chakib Khelil toujours actif<\/a><\/h5>\n<p><a href=\"\/periscoop\/chakib-khelil-toujours-actif-34045\"\/><\/p>\n<p class=\"text\">Malgr\u00e9 tous les changements intervenus en Alg\u00e9rie depuis le 22 f\u00e9vrier dernier et notamment la d\u00e9mission de Bouteflika, Chakib Khelil reste tr\u00e8s actif sur le r\u00e9seau social Facebook. Il continue \u00e0<\/p>\n<\/div>\n<div class=\"second-article article-paragraph\" readability=\"11.0564784053\"><a href=\"\/femme-magazine\/la-meilleure-facon-de-manger-des-oeufs-33939\"\/><\/p>\n<div class=\"image\"><img class=\"lazy\" data-original=\"\/data\/images\/article\/thumbs\/ls-la-meilleure-facon-de-manger-des-oeufs-2ce7a.jpg\"\/><\/p>\n<p><span>2<\/span><\/p>\n<\/div>\n<p class=\"type-date\"><span>Femme Magazine<\/span> 11:00 | 21-11-2019<\/p>\n<h5 class=\"first-title\"><a href=\"\/femme-magazine\/la-meilleure-facon-de-manger-des-oeufs-33939\">Sant\u00e9<\/a><\/h5>\n<p><a href=\"\/femme-magazine\/la-meilleure-facon-de-manger-des-oeufs-33939\"\/><\/p>\n<h5 class=\"title\"><a href=\"\/femme-magazine\/la-meilleure-facon-de-manger-des-oeufs-33939\">La meilleure fa\u00e7on de manger des \u0153ufs<\/a><\/h5>\n<p><a href=\"\/femme-magazine\/la-meilleure-facon-de-manger-des-oeufs-33939\"\/><\/p>\n<p class=\"text\">La pire fa\u00e7on est de les cuire trop fort et trop longtemps, jusqu&rsquo;\u00e0 ce qu&rsquo;ils deviennent caoutchouteux. Vous alt\u00e9rez la structure des prot\u00e9ines de votre \u0153uf en le cuisant trop, ce qui peut provoquer des allergies.<\/p>\n<\/div>\n<div class=\"others-articles\">\n<div class=\"article\" readability=\"8\"><a href=\"\/actualites\/les-manifestants-du-hirak-ont-raison-34129\"\/><\/p>\n<div class=\"image\"><img class=\"lazy\" data-original=\"\/data\/images\/article\/thumbs\/les-manifestants-du-hirak-ont-raison-672e1.jpg\"\/><\/p>\n<p><span>3<\/span><\/p>\n<\/div>\n<div class=\"description\" readability=\"11\">\n<p class=\"type-date\"><span>Actualit\u00e9s<\/span> 11:00 | 24-11-2019<\/p>\n<p><a href=\"\/actualites\/les-manifestants-du-hirak-ont-raison-34129\"\/><\/p>\n<p class=\"first-title\">Abdelaziz Bela\u00efd \u00e0 Chlef :<\/p>\n<p><a href=\"\/actualites\/les-manifestants-du-hirak-ont-raison-34129\"\/><\/p>\n<p class=\"title\">\u00abLes manifestants du Hirak ont raison\u00bb<\/p>\n<\/div>\n<\/div>\n<div class=\"article\" readability=\"7\"><a href=\"\/actualites\/quand-ghouini-fait-campagne-pour-tebboune-34132\"\/><\/p>\n<div class=\"image\"><img class=\"lazy\" data-original=\"\/data\/images\/article\/thumbs\/quand-ghouini-fait-campagne-pour-tebboune-4384f.jpg\"\/><\/p>\n<p><span>4<\/span><\/p>\n<\/div>\n<div class=\"description\" readability=\"9\">\n<p class=\"type-date\"><span>Actualit\u00e9s<\/span> 11:00 | 24-11-2019<\/p>\n<p><a href=\"\/actualites\/quand-ghouini-fait-campagne-pour-tebboune-34132\"\/><\/p>\n<p class=\"first-title\">Constantine<\/p>\n<p><a href=\"\/actualites\/quand-ghouini-fait-campagne-pour-tebboune-34132\"\/><\/p>\n<p class=\"title\">Quand Ghouini fait campagne pour Tebboune<\/p>\n<\/div>\n<\/div>\n<div class=\"article\" readability=\"8\"><a href=\"\/actualites\/de-lourdes-peines-requises-a-lencontre-dune-quinzaine-de-responsables-34054\"\/><\/p>\n<div class=\"image\"><img class=\"lazy\" data-original=\"\/data\/images\/article\/thumbs\/de-lourdes-peines-requises-a-lencontre-dune-quinzaine-de-responsables-bdca9.jpg\"\/><\/p>\n<p><span>5<\/span><\/p>\n<\/div>\n<div class=\"description\" readability=\"11\">\n<p class=\"type-date\"><span>Actualit\u00e9s<\/span> 11:00 | 23-11-2019<\/p>\n<p><a href=\"\/actualites\/de-lourdes-peines-requises-a-lencontre-dune-quinzaine-de-responsables-34054\"\/><\/p>\n<p class=\"first-title\">Affaire Soolking : Le proc\u00e8s s\u2019est ouvert jeudi au tribunal de Sidi-M\u2019hamed<\/p>\n<p><a href=\"\/actualites\/de-lourdes-peines-requises-a-lencontre-dune-quinzaine-de-responsables-34054\"\/><\/p>\n<p class=\"title\">De lourdes peines requises \u00e0 l\u2019encontre d\u2019une quinzaine de responsables<\/p>\n<\/div>\n<\/div>\n<\/div>\n<p>Auteur:<br \/>\n<a href=\"https:\/\/www.lesoirdalgerie.com\/digoutage\/mosquee-boutef-34135\">Cliquez ici pour lire l&rsquo;article depuis sa source.<\/a><\/p>\n","protected":false},"excerpt":{"rendered":"<p>Les + populaires de la semaine 1 P\u00e9riscoop 11:00 | 23-11-2019 Chakib Khelil toujours actif Malgr\u00e9 tous les changements intervenus en Alg\u00e9rie depuis le 22 f\u00e9vrier dernier et notamment la d\u00e9mission de Bouteflika, Chakib Khelil reste tr\u00e8s actif sur le r\u00e9seau social Facebook. Il continue \u00e0 2 Femme Magazine 11:00 | 21-11-2019 Sant\u00e9 La meilleure [&hellip;]<\/p>\n","protected":false},"author":1741,"featured_media":0,"comment_status":"closed","ping_status":"closed","sticky":false,"template":"","format":"standard","meta":{"fifu_image_url":"","fifu_image_alt":"","footnotes":""},"categories":[73,53],"tags":[],"class_list":["post-68548","post","type-post","status-publish","format-standard","hentry","category-actualite","category-algerie"],"_links":{"self":[{"href":"https:\/\/linitiative.ca\/International\/wp-json\/wp\/v2\/posts\/68548","targetHints":{"allow":["GET"]}}],"collection":[{"href":"https:\/\/linitiative.ca\/International\/wp-json\/wp\/v2\/posts"}],"about":[{"href":"https:\/\/linitiative.ca\/International\/wp-json\/wp\/v2\/types\/post"}],"author":[{"embeddable":true,"href":"https:\/\/linitiative.ca\/International\/wp-json\/wp\/v2\/users\/1741"}],"replies":[{"embeddable":true,"href":"https:\/\/linitiative.ca\/International\/wp-json\/wp\/v2\/comments?post=68548"}],"version-history":[{"count":0,"href":"https:\/\/linitiative.ca\/International\/wp-json\/wp\/v2\/posts\/68548\/revisions"}],"wp:attachment":[{"href":"https:\/\/linitiative.ca\/International\/wp-json\/wp\/v2\/media?parent=68548"}],"wp:term":[{"taxonomy":"category","embeddable":true,"href":"https:\/\/linitiative.ca\/International\/wp-json\/wp\/v2\/categories?post=68548"},{"taxonomy":"post_tag","embeddable":true,"href":"https:\/\/linitiative.ca\/International\/wp-json\/wp\/v2\/tags?post=68548"}],"curies":[{"name":"wp","href":"https:\/\/api.w.org\/{rel}","templated":true}]}}