{"id":68554,"date":"2019-11-25T15:20:58","date_gmt":"2019-11-25T20:20:58","guid":{"rendered":"https:\/\/linitiative.ca\/International\/tunisie-beni-khalled-un-drapeau-tunisien-sans-etoile-et-sans-croissant-sur-les-locaux-de-la-recette-des-finances\/"},"modified":"2019-11-25T15:20:58","modified_gmt":"2019-11-25T20:20:58","slug":"tunisie-beni-khalled-un-drapeau-tunisien-sans-etoile-et-sans-croissant-sur-les-locaux-de-la-recette-des-finances","status":"publish","type":"post","link":"https:\/\/linitiative.ca\/International\/tunisie-beni-khalled-un-drapeau-tunisien-sans-etoile-et-sans-croissant-sur-les-locaux-de-la-recette-des-finances\/","title":{"rendered":"Tunisie \u2013 Beni Khalled\u00a0: Un drapeau tunisien sans \u00e9toile et sans croissant sur les locaux de la recette des finances"},"content":{"rendered":"<div class=\"post-cont-in left relative\">\n<div class=\"swp_social_panel swp_horizontal_panel swp_flat_fresh swp_default_full_color swp_individual_full_color swp_other_full_color scale-100 scale-\" data-min-width=\"1100\" data-float-color=\"#ffffff\" data-float=\"none\" data-float-mobile=\"none\" data-transition=\"slide\">\n<div class=\"nc_tweetContainer swp_share_button total_shares total_sharesalt\"><span class=\"swp_count\">35 <span class=\"swp_label\">Partages<\/span><\/span><\/div>\n<\/div>\n<p>Les internautes ont diffus\u00e9 des images du drapeau tunisien suspendu au dessus du b\u00e2timent de la recette des finances de Beni Khalled qui ne comportait pas l\u2019\u00e9toile et le croissant rouges, sur le disque blanc.<\/p>\n<div class=\"code-block code-block-1 c3\"><ins class=\"adsbygoogle c2\" data-ad-layout=\"in-article\" data-ad-format=\"fluid\" data-ad-client=\"ca-pub-2102118777505746\" data-ad-slot=\"7301775417\"\/> <\/div>\n<p>Le d\u00e9l\u00e9gu\u00e9 de la r\u00e9gion a annonc\u00e9 avoir imm\u00e9diatement r\u00e9agi aux remarques des citoyens et a appel\u00e9 le receveur des finances pour lui demander de remplacer le drapeau en question.<\/p>\n<div class=\"code-block code-block-2 c3\"><ins class=\"adsbygoogle c2\" data-ad-layout=\"in-article\" data-ad-format=\"fluid\" data-ad-client=\"ca-pub-2102118777505746\" data-ad-slot=\"7301775417\"\/> <\/div>\n<p>Il a assur\u00e9 que la recette venait de r\u00e9ceptionner des drapeaux de la direction r\u00e9gionale des finances et que certains de ces articles pr\u00e9sentaient ce d\u00e9faut d\u2019impression qui a eu lieu au niveau de l\u2019usine qui les fabrique.<\/p>\n<p>Il a ajout\u00e9 que c\u2019est le gardien de la recette qui a hiss\u00e9 le drapeau, durant le weekend, sans se rendre compte du d\u00e9faut qu\u2019il comportait.<\/p>\n<p><strong>Que se passe-t-il en Tunisie?<\/strong><br \/>Nous expliquons sur notre <a href=\"https:\/\/www.youtube.com\/channel\/UCRzypVq0B_yBad5eGrwBx0Q?sub_confirmation=1\" target=\"_blank\" rel=\"noopener noreferrer\">cha\u00eene YouTube<\/a> . <a href=\"https:\/\/www.youtube.com\/channel\/UCRzypVq0B_yBad5eGrwBx0Q?sub_confirmation=1\" target=\"_blank\" rel=\"noopener noreferrer\">Abonnez-vous!<\/a><\/p>\n<div class=\"mvp-org-wrap mvp-org-logo\" itemprop=\"publisher\" itemscope=\"\" itemtype=\"https:\/\/schema.org\/Organization\"><img decoding=\"async\" src=\"https:\/\/www.tunisienumerique.com\/wp-content\/uploads\/2017\/02\/logo_tunisie_numerique.png\"\/><\/div>\n<div class=\"swp_social_panel swp_horizontal_panel swp_flat_fresh swp_default_full_color swp_individual_full_color swp_other_full_color scale-100 scale-\" data-min-width=\"1100\" data-float-color=\"#ffffff\" data-float=\"none\" data-float-mobile=\"none\" data-transition=\"slide\">\n<div class=\"nc_tweetContainer swp_share_button total_shares total_sharesalt\"><span class=\"swp_count\">35 <span class=\"swp_label\">Partages<\/span><\/span><\/div>\n<\/div>\n<div class=\"mvp-related-posts left relative\">\n<h4 class=\"post-header\"><span class=\"post-header\">Lire aussi<\/span><\/h4>\n<\/div>\n<\/div>\n<p>Auteur: LM<br \/>\n<a href=\"https:\/\/www.tunisienumerique.com\/tunisie-beni-khalled-un-drapeau-tunisien-sans-etoile-et-sans-croissant-sur-les-locaux-de-la-recette-des-finances\/\">Cliquez ici pour lire l&rsquo;article depuis sa source.<\/a><\/p>\n","protected":false},"excerpt":{"rendered":"<p>35 Partages Les internautes ont diffus\u00e9 des images du drapeau tunisien suspendu au dessus du b\u00e2timent de la recette des finances de Beni Khalled qui ne comportait pas l\u2019\u00e9toile et le croissant rouges, sur le disque blanc. Le d\u00e9l\u00e9gu\u00e9 de la r\u00e9gion a annonc\u00e9 avoir imm\u00e9diatement r\u00e9agi aux remarques des citoyens et a appel\u00e9 le [&hellip;]<\/p>\n","protected":false},"author":1789,"featured_media":68555,"comment_status":"closed","ping_status":"closed","sticky":false,"template":"","format":"standard","meta":{"fifu_image_url":"","fifu_image_alt":"","footnotes":""},"categories":[73,55],"tags":[],"class_list":["post-68554","post","type-post","status-publish","format-standard","has-post-thumbnail","hentry","category-actualite","category-tunisie"],"_links":{"self":[{"href":"https:\/\/linitiative.ca\/International\/wp-json\/wp\/v2\/posts\/68554","targetHints":{"allow":["GET"]}}],"collection":[{"href":"https:\/\/linitiative.ca\/International\/wp-json\/wp\/v2\/posts"}],"about":[{"href":"https:\/\/linitiative.ca\/International\/wp-json\/wp\/v2\/types\/post"}],"author":[{"embeddable":true,"href":"https:\/\/linitiative.ca\/International\/wp-json\/wp\/v2\/users\/1789"}],"replies":[{"embeddable":true,"href":"https:\/\/linitiative.ca\/International\/wp-json\/wp\/v2\/comments?post=68554"}],"version-history":[{"count":0,"href":"https:\/\/linitiative.ca\/International\/wp-json\/wp\/v2\/posts\/68554\/revisions"}],"wp:featuredmedia":[{"embeddable":true,"href":"https:\/\/linitiative.ca\/International\/wp-json\/"}],"wp:attachment":[{"href":"https:\/\/linitiative.ca\/International\/wp-json\/wp\/v2\/media?parent=68554"}],"wp:term":[{"taxonomy":"category","embeddable":true,"href":"https:\/\/linitiative.ca\/International\/wp-json\/wp\/v2\/categories?post=68554"},{"taxonomy":"post_tag","embeddable":true,"href":"https:\/\/linitiative.ca\/International\/wp-json\/wp\/v2\/tags?post=68554"}],"curies":[{"name":"wp","href":"https:\/\/api.w.org\/{rel}","templated":true}]}}