{"id":68556,"date":"2019-11-25T15:45:12","date_gmt":"2019-11-25T20:45:12","guid":{"rendered":"https:\/\/linitiative.ca\/International\/tunisie-conect-la-source-de-la-faillite-de-letat-200-mille-fonctionnaires-de-trop\/"},"modified":"2019-11-25T15:45:12","modified_gmt":"2019-11-25T20:45:12","slug":"tunisie-conect-la-source-de-la-faillite-de-letat-200-mille-fonctionnaires-de-trop","status":"publish","type":"post","link":"https:\/\/linitiative.ca\/International\/tunisie-conect-la-source-de-la-faillite-de-letat-200-mille-fonctionnaires-de-trop\/","title":{"rendered":"Tunisie \u2013 CONECT\u00a0: La source de la faillite de l\u2019Etat\u00a0: 200 mille fonctionnaires de trop"},"content":{"rendered":"<div class=\"post-cont-in left relative\">\n<div class=\"swp_social_panel swp_horizontal_panel swp_flat_fresh swp_default_full_color swp_individual_full_color swp_other_full_color scale-100 scale-\" data-min-width=\"1100\" data-float-color=\"#ffffff\" data-float=\"none\" data-float-mobile=\"none\" data-transition=\"slide\">\n<div class=\"nc_tweetContainer swp_share_button total_shares total_sharesalt\"><span class=\"swp_count\">60 <span class=\"swp_label\">Partages<\/span><\/span><\/div>\n<\/div>\n<p>Le pr\u00e9sident de la CONECT, Tarek Cherif a annonc\u00e9 \u00e0 l\u2019issue de son entretien avec le chef du gouvernement charg\u00e9, qu\u2019il a attir\u00e9 l\u2019attention sur les aberrations et les d\u00e9s\u00e9quilibres du projet de loi de finances de 2020, assurant que l\u2019Etat est en train de refaire la m\u00eame erreur tous les ans, en esp\u00e9rant \u00e0 chaque fois, obtenir des r\u00e9sultats diff\u00e9rents.<\/p>\n<div class=\"code-block code-block-1 c3\"><ins class=\"adsbygoogle c2\" data-ad-layout=\"in-article\" data-ad-format=\"fluid\" data-ad-client=\"ca-pub-2102118777505746\" data-ad-slot=\"7301775417\"\/> <\/div>\n<p>Il a expliqu\u00e9 que le fl\u00e9au qui ronge le budget de l\u2019Etat est la somme astronomique r\u00e9serv\u00e9e aux salaires et qui s\u2019approche de la moiti\u00e9 du budget g\u00e9n\u00e9ral du pays, ne laissant rien pour les budgets r\u00e9serv\u00e9s au d\u00e9veloppement et \u00e0 la cr\u00e9ation d\u2019emplois.<\/p>\n<div class=\"code-block code-block-2 c3\"><ins class=\"adsbygoogle c2\" data-ad-layout=\"in-article\" data-ad-format=\"fluid\" data-ad-client=\"ca-pub-2102118777505746\" data-ad-slot=\"7301775417\"\/> <\/div>\n<p>Tarek Cherif a ajout\u00e9 qu\u2019il \u00e9tait plus que temps de rem\u00e9dier \u00e0 cette aberration, en \u00e9tablissant une strat\u00e9gie nationale, pour diminuer le nombre de fonctionnaires, puisque de l\u2019avis des experts, la Tunisie compte 200 mille fonctionnaires en trop, pay\u00e9s\u00a0\u00e0 ne rien faire. Il a appel\u00e9 \u00e0 cr\u00e9er des m\u00e9canismes pour encourager les fonctionnaires \u00e0 quitter le secteur public et s\u2019installer \u00e0 leur propre compte, en leur fournissant le soutien n\u00e9cessaire.<\/p>\n<p><strong>Que se passe-t-il en Tunisie?<\/strong><br \/>Nous expliquons sur notre <a href=\"https:\/\/www.youtube.com\/channel\/UCRzypVq0B_yBad5eGrwBx0Q?sub_confirmation=1\" target=\"_blank\" rel=\"noopener noreferrer\">cha\u00eene YouTube<\/a> . <a href=\"https:\/\/www.youtube.com\/channel\/UCRzypVq0B_yBad5eGrwBx0Q?sub_confirmation=1\" target=\"_blank\" rel=\"noopener noreferrer\">Abonnez-vous!<\/a><\/p>\n<div class=\"mvp-org-wrap mvp-org-logo\" itemprop=\"publisher\" itemscope=\"\" itemtype=\"https:\/\/schema.org\/Organization\"><img decoding=\"async\" src=\"https:\/\/www.tunisienumerique.com\/wp-content\/uploads\/2017\/02\/logo_tunisie_numerique.png\"\/><\/div>\n<div class=\"swp_social_panel swp_horizontal_panel swp_flat_fresh swp_default_full_color swp_individual_full_color swp_other_full_color scale-100 scale-\" data-min-width=\"1100\" data-float-color=\"#ffffff\" data-float=\"none\" data-float-mobile=\"none\" data-transition=\"slide\">\n<div class=\"nc_tweetContainer swp_share_button total_shares total_sharesalt\"><span class=\"swp_count\">60 <span class=\"swp_label\">Partages<\/span><\/span><\/div>\n<\/div>\n<div class=\"mvp-related-posts left relative\">\n<h4 class=\"post-header\"><span class=\"post-header\">Lire aussi<\/span><\/h4>\n<\/div>\n<\/div>\n<p>Auteur: LM<br \/>\n<a href=\"https:\/\/www.tunisienumerique.com\/tunisie-conect-la-source-de-la-faillite-de-letat-200-mille-fonctionnaires-de-trop\/\">Cliquez ici pour lire l&rsquo;article depuis sa source.<\/a><\/p>\n","protected":false},"excerpt":{"rendered":"<p>60 Partages Le pr\u00e9sident de la CONECT, Tarek Cherif a annonc\u00e9 \u00e0 l\u2019issue de son entretien avec le chef du gouvernement charg\u00e9, qu\u2019il a attir\u00e9 l\u2019attention sur les aberrations et les d\u00e9s\u00e9quilibres du projet de loi de finances de 2020, assurant que l\u2019Etat est en train de refaire la m\u00eame erreur tous les ans, en [&hellip;]<\/p>\n","protected":false},"author":1789,"featured_media":68557,"comment_status":"closed","ping_status":"closed","sticky":false,"template":"","format":"standard","meta":{"fifu_image_url":"","fifu_image_alt":"","footnotes":""},"categories":[73,55],"tags":[],"class_list":["post-68556","post","type-post","status-publish","format-standard","has-post-thumbnail","hentry","category-actualite","category-tunisie"],"_links":{"self":[{"href":"https:\/\/linitiative.ca\/International\/wp-json\/wp\/v2\/posts\/68556","targetHints":{"allow":["GET"]}}],"collection":[{"href":"https:\/\/linitiative.ca\/International\/wp-json\/wp\/v2\/posts"}],"about":[{"href":"https:\/\/linitiative.ca\/International\/wp-json\/wp\/v2\/types\/post"}],"author":[{"embeddable":true,"href":"https:\/\/linitiative.ca\/International\/wp-json\/wp\/v2\/users\/1789"}],"replies":[{"embeddable":true,"href":"https:\/\/linitiative.ca\/International\/wp-json\/wp\/v2\/comments?post=68556"}],"version-history":[{"count":0,"href":"https:\/\/linitiative.ca\/International\/wp-json\/wp\/v2\/posts\/68556\/revisions"}],"wp:featuredmedia":[{"embeddable":true,"href":"https:\/\/linitiative.ca\/International\/wp-json\/"}],"wp:attachment":[{"href":"https:\/\/linitiative.ca\/International\/wp-json\/wp\/v2\/media?parent=68556"}],"wp:term":[{"taxonomy":"category","embeddable":true,"href":"https:\/\/linitiative.ca\/International\/wp-json\/wp\/v2\/categories?post=68556"},{"taxonomy":"post_tag","embeddable":true,"href":"https:\/\/linitiative.ca\/International\/wp-json\/wp\/v2\/tags?post=68556"}],"curies":[{"name":"wp","href":"https:\/\/api.w.org\/{rel}","templated":true}]}}