{"id":68560,"date":"2019-11-25T16:18:23","date_gmt":"2019-11-25T21:18:23","guid":{"rendered":"https:\/\/linitiative.ca\/International\/tunisie-video-les-membres-de-la-commission-des-finances-a-larp-demandent-des-clarifications-de-la-part-du-ministre-des-finances\/"},"modified":"2019-11-25T16:18:23","modified_gmt":"2019-11-25T21:18:23","slug":"tunisie-video-les-membres-de-la-commission-des-finances-a-larp-demandent-des-clarifications-de-la-part-du-ministre-des-finances","status":"publish","type":"post","link":"https:\/\/linitiative.ca\/International\/tunisie-video-les-membres-de-la-commission-des-finances-a-larp-demandent-des-clarifications-de-la-part-du-ministre-des-finances\/","title":{"rendered":"Tunisie \u2013 VIDEO\u00a0: Les membres de\u00a0 la commission des finances \u00e0 l\u2019ARP demandent des clarifications de la part du ministre des finances"},"content":{"rendered":"<div class=\"post-cont-in left relative\">\n<div class=\"swp_social_panel swp_horizontal_panel swp_flat_fresh swp_default_full_color swp_individual_full_color swp_other_full_color scale-100 scale-\" data-min-width=\"1100\" data-float-color=\"#ffffff\" data-float=\"none\" data-float-mobile=\"none\" data-transition=\"slide\">\n<div class=\"nc_tweetContainer swp_share_button total_shares total_sharesalt\"><span class=\"swp_count\">8 <span class=\"swp_label\">Partages<\/span><\/span><\/div>\n<\/div>\n<p>Les membres de la commission parlementaire des finances, qui est en train d\u2019\u00e9tudier les termes du projet de loi de finances, ont trouv\u00e9 que les chiffres pr\u00e9sent\u00e9s par le minist\u00e8re des finances sont trop flous et l\u2019ont donc appel\u00e9 \u00e0 leur fournir certaines clarifications. Mais ce dernier leur a pr\u00e9sent\u00e9 quelques d\u00e9tails oralement, alors qu\u2019ils exigeaient des r\u00e9ponses \u00e9crites pour pouvoir les \u00e9tudier et les v\u00e9rifier.<\/p>\n<div class=\"code-block code-block-1 c4\"><ins class=\"adsbygoogle c3\" data-ad-layout=\"in-article\" data-ad-format=\"fluid\" data-ad-client=\"ca-pub-2102118777505746\" data-ad-slot=\"7301775417\"\/> <\/div>\n<p>Les d\u00e9put\u00e9s ont pu constater un d\u00e9ficit du budget de 2019 de 2.2%, ce qui a oblig\u00e9 le gouvernement \u00e0 proposer un budget compl\u00e9mentaire. Mais ce dernier est trop flou et ne propose aucune mesure pour promouvoir le d\u00e9veloppement et les emplois.<\/p>\n<div class=\"code-block code-block-2 c4\"><ins class=\"adsbygoogle c3\" data-ad-layout=\"in-article\" data-ad-format=\"fluid\" data-ad-client=\"ca-pub-2102118777505746\" data-ad-slot=\"7301775417\"\/> <\/div>\n<p>Le budget compl\u00e9mentaire de 2019, ainsi que le PLF de 2020,se caract\u00e9risent par\u00a0\u201cune vision d\u2019Etat\u201d\u00a0 selon les termes de la d\u00e9put\u00e9e 9alb Tounes, Mariem Loghmani. Elle a ajout\u00e9 que ces projets ne proposent rien pour la cr\u00e9ation des emplois et de richesses ni pour le d\u00e9veloppement. Ils se basent sur une politique de majoration des taxes pour trouver un financement \u00e0 son d\u00e9ficit.<\/p>\n<p>Les d\u00e9put\u00e9s ont exig\u00e9 des clarifications \u00e0 propos de certains indicateurs, comme le prix du baril du p\u00e9trole, ainsi que le taux de change du dinar, etc.<\/p>\n<p>Pour sa part, Hichem Ajbouni vice pr\u00e9sident de la commission, a annonc\u00e9 avoir exig\u00e9 d\u2019autres d\u00e9tails de la part du gouvernement dont les chiffres\u00a0fournis sont incomplets et impr\u00e9cis.<\/p>\n<p><strong>Que se passe-t-il en Tunisie?<\/strong><br \/>Nous expliquons sur notre <a href=\"https:\/\/www.youtube.com\/channel\/UCRzypVq0B_yBad5eGrwBx0Q?sub_confirmation=1\" target=\"_blank\" rel=\"noopener noreferrer\">cha\u00eene YouTube<\/a> . <a href=\"https:\/\/www.youtube.com\/channel\/UCRzypVq0B_yBad5eGrwBx0Q?sub_confirmation=1\" target=\"_blank\" rel=\"noopener noreferrer\">Abonnez-vous!<\/a><\/p>\n<div class=\"mvp-org-wrap mvp-org-logo\" itemprop=\"publisher\" itemscope=\"\" itemtype=\"https:\/\/schema.org\/Organization\"><img decoding=\"async\" src=\"https:\/\/www.tunisienumerique.com\/wp-content\/uploads\/2017\/02\/logo_tunisie_numerique.png\"\/><\/div>\n<div class=\"swp_social_panel swp_horizontal_panel swp_flat_fresh swp_default_full_color swp_individual_full_color swp_other_full_color scale-100 scale-\" data-min-width=\"1100\" data-float-color=\"#ffffff\" data-float=\"none\" data-float-mobile=\"none\" data-transition=\"slide\">\n<div class=\"nc_tweetContainer swp_share_button total_shares total_sharesalt\"><span class=\"swp_count\">8 <span class=\"swp_label\">Partages<\/span><\/span><\/div>\n<\/div>\n<div class=\"mvp-related-posts left relative\">\n<h4 class=\"post-header\"><span class=\"post-header\">Lire aussi<\/span><\/h4>\n<\/div>\n<\/div>\n<p>Auteur: LM<br \/>\n<a href=\"https:\/\/www.tunisienumerique.com\/tunisie-video-les-membres-de-la-commission-des-finances-a-larp-demandent-des-clarifications-de-la-part-du-ministre-des-finances\/\">Cliquez ici pour lire l&rsquo;article depuis sa source.<\/a><\/p>\n","protected":false},"excerpt":{"rendered":"<p>8 Partages Les membres de la commission parlementaire des finances, qui est en train d\u2019\u00e9tudier les termes du projet de loi de finances, ont trouv\u00e9 que les chiffres pr\u00e9sent\u00e9s par le minist\u00e8re des finances sont trop flous et l\u2019ont donc appel\u00e9 \u00e0 leur fournir certaines clarifications. Mais ce dernier leur a pr\u00e9sent\u00e9 quelques d\u00e9tails oralement, [&hellip;]<\/p>\n","protected":false},"author":1789,"featured_media":68561,"comment_status":"closed","ping_status":"closed","sticky":false,"template":"","format":"standard","meta":{"fifu_image_url":"","fifu_image_alt":"","footnotes":""},"categories":[73,55],"tags":[],"class_list":["post-68560","post","type-post","status-publish","format-standard","has-post-thumbnail","hentry","category-actualite","category-tunisie"],"_links":{"self":[{"href":"https:\/\/linitiative.ca\/International\/wp-json\/wp\/v2\/posts\/68560","targetHints":{"allow":["GET"]}}],"collection":[{"href":"https:\/\/linitiative.ca\/International\/wp-json\/wp\/v2\/posts"}],"about":[{"href":"https:\/\/linitiative.ca\/International\/wp-json\/wp\/v2\/types\/post"}],"author":[{"embeddable":true,"href":"https:\/\/linitiative.ca\/International\/wp-json\/wp\/v2\/users\/1789"}],"replies":[{"embeddable":true,"href":"https:\/\/linitiative.ca\/International\/wp-json\/wp\/v2\/comments?post=68560"}],"version-history":[{"count":0,"href":"https:\/\/linitiative.ca\/International\/wp-json\/wp\/v2\/posts\/68560\/revisions"}],"wp:featuredmedia":[{"embeddable":true,"href":"https:\/\/linitiative.ca\/International\/wp-json\/"}],"wp:attachment":[{"href":"https:\/\/linitiative.ca\/International\/wp-json\/wp\/v2\/media?parent=68560"}],"wp:term":[{"taxonomy":"category","embeddable":true,"href":"https:\/\/linitiative.ca\/International\/wp-json\/wp\/v2\/categories?post=68560"},{"taxonomy":"post_tag","embeddable":true,"href":"https:\/\/linitiative.ca\/International\/wp-json\/wp\/v2\/tags?post=68560"}],"curies":[{"name":"wp","href":"https:\/\/api.w.org\/{rel}","templated":true}]}}