{"id":68562,"date":"2019-11-25T16:29:55","date_gmt":"2019-11-25T21:29:55","guid":{"rendered":"https:\/\/linitiative.ca\/International\/tunisie-video-levee-du-drapeau-tunisien-dans-les-ecoles-de-gaza\/"},"modified":"2019-11-25T16:29:55","modified_gmt":"2019-11-25T21:29:55","slug":"tunisie-video-levee-du-drapeau-tunisien-dans-les-ecoles-de-gaza","status":"publish","type":"post","link":"https:\/\/linitiative.ca\/International\/tunisie-video-levee-du-drapeau-tunisien-dans-les-ecoles-de-gaza\/","title":{"rendered":"Tunisie \u2013 VIDEO: Lev\u00e9e du drapeau tunisien dans les \u00e9coles de Gaza"},"content":{"rendered":"<div class=\"post-cont-in left relative\">\n<div class=\"swp_social_panel swp_horizontal_panel swp_flat_fresh swp_default_full_color swp_individual_full_color swp_other_full_color scale-100 scale-\" data-min-width=\"1100\" data-float-color=\"#ffffff\" data-float=\"none\" data-float-mobile=\"none\" data-transition=\"slide\">\n<div class=\"nc_tweetContainer swp_share_button total_shares total_sharesalt\"><span class=\"swp_count\">48 <span class=\"swp_label\">Partages<\/span><\/span><\/div>\n<\/div>\n<p>Le drapeau tunisien a \u00e9t\u00e9 hiss\u00e9, ce lundi, sur le rythme de l\u2019hymne national tunisien, dans les \u00e9coles de Gaza. Un geste de reconnaissance de la part des \u00e9l\u00e8ves\u00a0de Ghaza envers leurs amis tunisiens, qui ne cessent de multiplier les manifestations de soutien \u00e0 la cause palestinienne comme par exemple les manifestations organis\u00e9es dans les \u00e9coles tunisiennes, la semaine derni\u00e8re, en protestation contre la r\u00e9cente offensive sioniste sur les territoires palestiniens.<\/p>\n<div class=\"code-block code-block-1 c3\"><ins class=\"adsbygoogle c2\" data-ad-layout=\"in-article\" data-ad-format=\"fluid\" data-ad-client=\"ca-pub-2102118777505746\" data-ad-slot=\"7301775417\"\/> <\/div>\n<p><strong>Que se passe-t-il en Tunisie?<\/strong><br \/>Nous expliquons sur notre <a href=\"https:\/\/www.youtube.com\/channel\/UCRzypVq0B_yBad5eGrwBx0Q?sub_confirmation=1\" target=\"_blank\" rel=\"noopener noreferrer\">cha\u00eene YouTube<\/a> . <a href=\"https:\/\/www.youtube.com\/channel\/UCRzypVq0B_yBad5eGrwBx0Q?sub_confirmation=1\" target=\"_blank\" rel=\"noopener noreferrer\">Abonnez-vous!<\/a><\/p>\n<div class=\"mvp-org-wrap mvp-org-logo\" itemprop=\"publisher\" itemscope=\"\" itemtype=\"https:\/\/schema.org\/Organization\"><img decoding=\"async\" src=\"https:\/\/www.tunisienumerique.com\/wp-content\/uploads\/2017\/02\/logo_tunisie_numerique.png\"\/><\/div>\n<div class=\"swp_social_panel swp_horizontal_panel swp_flat_fresh swp_default_full_color swp_individual_full_color swp_other_full_color scale-100 scale-\" data-min-width=\"1100\" data-float-color=\"#ffffff\" data-float=\"none\" data-float-mobile=\"none\" data-transition=\"slide\">\n<div class=\"nc_tweetContainer swp_share_button total_shares total_sharesalt\"><span class=\"swp_count\">48 <span class=\"swp_label\">Partages<\/span><\/span><\/div>\n<\/div>\n<div class=\"mvp-related-posts left relative\">\n<h4 class=\"post-header\"><span class=\"post-header\">Lire aussi<\/span><\/h4>\n<\/div>\n<\/div>\n<p>Auteur: LM<br \/>\n<a href=\"https:\/\/www.tunisienumerique.com\/tunisie-video-levee-du-drapeau-tunisien-dans-les-ecoles-de-gaza\/\">Cliquez ici pour lire l&rsquo;article depuis sa source.<\/a><\/p>\n","protected":false},"excerpt":{"rendered":"<p>48 Partages Le drapeau tunisien a \u00e9t\u00e9 hiss\u00e9, ce lundi, sur le rythme de l\u2019hymne national tunisien, dans les \u00e9coles de Gaza. Un geste de reconnaissance de la part des \u00e9l\u00e8ves\u00a0de Ghaza envers leurs amis tunisiens, qui ne cessent de multiplier les manifestations de soutien \u00e0 la cause palestinienne comme par exemple les manifestations organis\u00e9es [&hellip;]<\/p>\n","protected":false},"author":1789,"featured_media":68563,"comment_status":"closed","ping_status":"closed","sticky":false,"template":"","format":"standard","meta":{"fifu_image_url":"","fifu_image_alt":"","footnotes":""},"categories":[73,55],"tags":[],"class_list":["post-68562","post","type-post","status-publish","format-standard","has-post-thumbnail","hentry","category-actualite","category-tunisie"],"_links":{"self":[{"href":"https:\/\/linitiative.ca\/International\/wp-json\/wp\/v2\/posts\/68562","targetHints":{"allow":["GET"]}}],"collection":[{"href":"https:\/\/linitiative.ca\/International\/wp-json\/wp\/v2\/posts"}],"about":[{"href":"https:\/\/linitiative.ca\/International\/wp-json\/wp\/v2\/types\/post"}],"author":[{"embeddable":true,"href":"https:\/\/linitiative.ca\/International\/wp-json\/wp\/v2\/users\/1789"}],"replies":[{"embeddable":true,"href":"https:\/\/linitiative.ca\/International\/wp-json\/wp\/v2\/comments?post=68562"}],"version-history":[{"count":0,"href":"https:\/\/linitiative.ca\/International\/wp-json\/wp\/v2\/posts\/68562\/revisions"}],"wp:featuredmedia":[{"embeddable":true,"href":"https:\/\/linitiative.ca\/International\/wp-json\/"}],"wp:attachment":[{"href":"https:\/\/linitiative.ca\/International\/wp-json\/wp\/v2\/media?parent=68562"}],"wp:term":[{"taxonomy":"category","embeddable":true,"href":"https:\/\/linitiative.ca\/International\/wp-json\/wp\/v2\/categories?post=68562"},{"taxonomy":"post_tag","embeddable":true,"href":"https:\/\/linitiative.ca\/International\/wp-json\/wp\/v2\/tags?post=68562"}],"curies":[{"name":"wp","href":"https:\/\/api.w.org\/{rel}","templated":true}]}}