{"id":68565,"date":"2019-11-25T14:56:48","date_gmt":"2019-11-25T19:56:48","guid":{"rendered":"https:\/\/linitiative.ca\/International\/crash-davion-en-rdc\/"},"modified":"2019-11-25T14:56:48","modified_gmt":"2019-11-25T19:56:48","slug":"crash-davion-en-rdc","status":"publish","type":"post","link":"https:\/\/linitiative.ca\/International\/crash-davion-en-rdc\/","title":{"rendered":"CRASH D\u2019AVION EN RDC"},"content":{"rendered":"<div class=\"stream-item stream-item-above-post-content\">\n<p><noscript><\/p>\n<p><a href=\"\/\/www3.smartadserver.com\/ac?jump=1&#038;nwid=2136&#038;siteid=240610&#038;pgname=rg&#038;fmtid=49046&#038;visit=m&#038;tmstp=[timestamp]&#038;out=nonrich\" target=\"_blank\" rel=\"noopener noreferrer\"><img decoding=\"async\" src=\"\/\/www3.smartadserver.com\/ac?out=nonrich&#038;nwid=2136&#038;siteid=240610&#038;pgname=rg&#038;fmtid=49046&#038;visit=m&#038;tmstp=[timestamp]\" border=\"0\" alt=\"\"\/><\/a><\/p>\n<p><\/noscript><\/div>\n<p class=\"c3\">Une trentaine de morts\u00a0! Rassurez-vous\u00a0! Il ne s\u2019agit pas cette fois-ci, du triste bilan d\u2019une incursion meurtri\u00e8re d\u2019un groupe rebelle \u00e0 Goma, en R\u00e9publique d\u00e9mocratique du Congo (RDC). Il s\u2019agit plut\u00f4t du d\u00e9compte macabre fait apr\u00e8s le crash d\u2019un avion de la compagnie congolaise Busy Bee. Assurant la rotation entre B\u00e9ni et Butembo, l\u2019avion de type Dornier-228, s\u2019est \u00e9cras\u00e9 sur l\u2019un des quartiers tr\u00e8s dens\u00e9ment peupl\u00e9s qui entourent l\u2019a\u00e9roport de Goma. Que s\u2019est-il pass\u00e9 pour que Busy Bee qui n\u2019est qu\u2019une nouvelle compagnie, en vienne \u00e0 conna\u00eetre une telle catastrophe\u00a0; elle dont on dit qu\u2019elle ne disposait que de trois appareils pour desservir les zones enclav\u00e9es de la province du Nord-Kivu\u00a0? Difficile d\u2019y r\u00e9pondre pour l\u2019instant, d\u2019autant que la direction m\u00eame de ladite compagnie s\u2019est gard\u00e9e de tout commentaire, pr\u00e9f\u00e9rant attendre les r\u00e9sultats de l\u2019enqu\u00eate diligent\u00e9e sur le terrain. Pour le moins, on sait que les catastrophes a\u00e9riennes sont l\u00e9gion en RDC o\u00f9 du fait des immenses for\u00eats et des distances consid\u00e9rables qui s\u00e9parent les zones, l\u2019avion reste l\u2019un des moyens de transport les plus d\u00e9velopp\u00e9s.<\/p>\n<p><strong>On se demande si certaines compagnies a\u00e9riennes arrivent \u00e0 assurer convenablement la maintenance de leurs avions<\/strong><\/p>\n<p><strong>\u00a0<\/strong><\/p>\n<p class=\"c3\">Cons\u00e9quence, l\u2019on assiste \u00e0 une prolif\u00e9ration de compagnies a\u00e9riennes priv\u00e9es, tant et si bien que l\u2019on se demande si certaines n\u2019\u00e9chappent pas au contr\u00f4le de l\u2019autorit\u00e9, surtout quand on sait que la RDC est un pays-continent qui vaut dix fois la France. A ce propos, on se demande m\u00eame si certaines compagnies a\u00e9riennes arrivent \u00e0 assurer convenablement la maintenance de leurs avions dans un pays o\u00f9 la vertu n\u2019est pas la chose la mieux partag\u00e9e et o\u00f9 la violence a pignon sur rue.\u00a0 Surtout dans la partie orientale du pays, plus pr\u00e9cis\u00e9ment \u00e0 B\u00e9ni \u00a0o\u00f9 des groupes arm\u00e9s, surgissant d\u2019on ne sait o\u00f9, s\u00e8ment la terreur et s\u2019\u00e9vaporent dans la nature et cela, en pr\u00e9sence des forces \u00e9trang\u00e8res. A preuve, hier encore, 25 novembre 2019, huit personnes ont \u00e9t\u00e9 massacr\u00e9es \u00e0 B\u00e9ni. C\u2019est pourquoi, lasses de ces assauts meurtriers et en l\u2019absence de mesures s\u00e9curitaires efficaces, les populations ont d\u00e9cid\u00e9 de manifester leur ras-le-bol contre le pouvoir et exiger du m\u00eame coup, le d\u00e9part des forces onusiennes. Malheureusement, un jeune Congolais a \u00e9t\u00e9 tu\u00e9 au cours de cette manifestation qui, faut-il le rappeler, a drain\u00e9 du monde au cours du week-end \u00e9coul\u00e9. C\u2019est dire si ce nouveau crash d\u2019avion intervient dans un climat d\u00e9j\u00e0 tr\u00e8s tendu, o\u00f9 les populations de Goma r\u00e9clament plus de s\u00e9curit\u00e9. En tout cas, c\u2019est le lieu de d\u00e9noncer avec v\u00e9h\u00e9mence la proximit\u00e9 de la plupart des a\u00e9roports en Afrique, avec les villes\u00a0; ce qui fait qu\u2019en cas de catastrophe a\u00e9rienne, les d\u00e9g\u00e2ts sont parfois incommensurables.<\/p>\n<p><strong>B.O<\/strong><\/p>\n<p>Auteur: Le Pays<br \/>\n<a href=\"http:\/\/lepays.bf\/crash-davion-en-rdc-2\/\">Cliquez ici pour lire l&rsquo;article depuis sa source.<\/a><\/p>\n","protected":false},"excerpt":{"rendered":"<p>Une trentaine de morts\u00a0! Rassurez-vous\u00a0! Il ne s\u2019agit pas cette fois-ci, du triste bilan d\u2019une incursion meurtri\u00e8re d\u2019un groupe rebelle \u00e0 Goma, en R\u00e9publique d\u00e9mocratique du Congo (RDC). Il s\u2019agit plut\u00f4t du d\u00e9compte macabre fait apr\u00e8s le crash d\u2019un avion de la compagnie congolaise Busy Bee. Assurant la rotation entre B\u00e9ni et Butembo, l\u2019avion de [&hellip;]<\/p>\n","protected":false},"author":1813,"featured_media":0,"comment_status":"closed","ping_status":"closed","sticky":false,"template":"","format":"standard","meta":{"fifu_image_url":"","fifu_image_alt":"","footnotes":""},"categories":[73,81],"tags":[],"class_list":["post-68565","post","type-post","status-publish","format-standard","hentry","category-actualite","category-burkina-faso"],"_links":{"self":[{"href":"https:\/\/linitiative.ca\/International\/wp-json\/wp\/v2\/posts\/68565","targetHints":{"allow":["GET"]}}],"collection":[{"href":"https:\/\/linitiative.ca\/International\/wp-json\/wp\/v2\/posts"}],"about":[{"href":"https:\/\/linitiative.ca\/International\/wp-json\/wp\/v2\/types\/post"}],"author":[{"embeddable":true,"href":"https:\/\/linitiative.ca\/International\/wp-json\/wp\/v2\/users\/1813"}],"replies":[{"embeddable":true,"href":"https:\/\/linitiative.ca\/International\/wp-json\/wp\/v2\/comments?post=68565"}],"version-history":[{"count":0,"href":"https:\/\/linitiative.ca\/International\/wp-json\/wp\/v2\/posts\/68565\/revisions"}],"wp:attachment":[{"href":"https:\/\/linitiative.ca\/International\/wp-json\/wp\/v2\/media?parent=68565"}],"wp:term":[{"taxonomy":"category","embeddable":true,"href":"https:\/\/linitiative.ca\/International\/wp-json\/wp\/v2\/categories?post=68565"},{"taxonomy":"post_tag","embeddable":true,"href":"https:\/\/linitiative.ca\/International\/wp-json\/wp\/v2\/tags?post=68565"}],"curies":[{"name":"wp","href":"https:\/\/api.w.org\/{rel}","templated":true}]}}